{"id":2206,"date":"2025-07-03T19:01:45","date_gmt":"2025-07-03T19:01:45","guid":{"rendered":"https:\/\/pensiunea-ruxi.ro\/?p=2206"},"modified":"2025-08-21T20:55:42","modified_gmt":"2025-08-21T20:55:42","slug":"ce-faci-intr-o-iesire-de-weekend-la-curtea-de-arges","status":"publish","type":"post","link":"https:\/\/pensiunea-ruxi.ro\/en\/ce-faci-intr-o-iesire-de-weekend-la-curtea-de-arges\/","title":{"rendered":"Ce faci \u00eentr-o ie\u0219ire de weekend la Curtea de Arge\u0219?"},"content":{"rendered":"<p><img loading=\"lazy\" decoding=\"async\" class=\"alignnone wp-image-2207 size-large\" src=\"https:\/\/pensiunea-ruxi.ro\/wp-content\/uploads\/2025\/08\/pexels-vidalbalielojrfotografia-1682497-1024x683.jpg\" alt=\"vacan\u021b\u0103 weekend Curtea de Arge\u0219\" width=\"1024\" height=\"683\" srcset=\"https:\/\/pensiunea-ruxi.ro\/wp-content\/uploads\/2025\/08\/pexels-vidalbalielojrfotografia-1682497-1024x683.jpg 1024w, https:\/\/pensiunea-ruxi.ro\/wp-content\/uploads\/2025\/08\/pexels-vidalbalielojrfotografia-1682497-300x200.jpg 300w, https:\/\/pensiunea-ruxi.ro\/wp-content\/uploads\/2025\/08\/pexels-vidalbalielojrfotografia-1682497-768x512.jpg 768w, https:\/\/pensiunea-ruxi.ro\/wp-content\/uploads\/2025\/08\/pexels-vidalbalielojrfotografia-1682497-1536x1024.jpg 1536w, https:\/\/pensiunea-ruxi.ro\/wp-content\/uploads\/2025\/08\/pexels-vidalbalielojrfotografia-1682497-18x12.jpg 18w, https:\/\/pensiunea-ruxi.ro\/wp-content\/uploads\/2025\/08\/pexels-vidalbalielojrfotografia-1682497.jpg 1920w\" sizes=\"auto, (max-width: 1024px) 100vw, 1024px\" \/><\/p>\n<p>Curtea de Arge\u0219 este un ora\u0219 cu o istorie fascinant\u0103, situat \u00een jude\u021bul Arge\u0219, la poalele Mun\u021bilor F\u0103g\u0103ra\u0219. Acesta a fost capitala \u021a\u0103rii Rom\u00e2ne\u0219ti \u00een perioada medieval\u0103 \u0219i un important centru religios \u0219i cultural al regiunii. Ast\u0103zi,<a href=\"https:\/\/pensiunea-ruxi.ro\/en\/obiective-turistice-din-curtea-de-arges\/\"><strong> Curtea de Arge<\/strong><strong>\u0219<\/strong><\/a> este recunoscut\u0103 nu doar pentru patrimoniul s\u0103u istoric deosebit, dar \u0219i pentru peisajele montane uimitoare care o \u00eenconjoar\u0103, fiind un loc perfect pentru o escapad\u0103 de weekend.<\/p>\n<p>Ora\u0219ul este legat de numeroase <a href=\"https:\/\/pensiunea-ruxi.ro\/en\/pe-urmele-lui-vlad-tepes-in-arges-si-imprejurimi\/\"><strong>legende<\/strong>\u00a0<\/a>\u0219i evenimente istorice importante, fiind un loc unde istoria \u0219i tradi\u021bia se \u00eent\u00e2lnesc cu frumuse\u021bea natural\u0103 a regiunii. Printre atrac\u021biile celebre ale ora\u0219ului se num\u0103r\u0103 M\u0103n\u0103stirea Curtea de Arge\u0219, un loc de cult cu o arhitectur\u0103 unic\u0103 \u0219i o legend\u0103 fascinant\u0103, dar \u0219i Palatul Episcopal \u0219i Muzeul Municipal, care te vor purta prin vremurile medievale \u0219i te vor ajuta s\u0103 \u00een\u021belegi mai bine tradi\u021biile \u0219i cultura regiunii.<\/p>\n<h2>De ce este Curtea de Arge\u0219 o destina\u021bie ideal\u0103 pentru un weekend?<\/h2>\n<p>Curtea de Arge\u0219 este o alegere excelent\u0103 pentru un weekend datorit\u0103 pozi\u021bion\u0103rii sale strategice, accesibilit\u0103\u021bii crescute prin noua autostrad\u0103 A1 \u0219i diversit\u0103\u021bii de <a href=\"https:\/\/pensiunea-ruxi.ro\/en\/destinatii-turistice\/\">atrac\u021bii turistice<\/a>. Aflat la poalele Mun\u021bilor F\u0103g\u0103ra\u0219, ora\u0219ul ofer\u0103 acces facil c\u0103tre <a href=\"https:\/\/pensiunea-ruxi.ro\/en\/ghidul-complet-transfagarasan\/\"><strong>Transf\u0103g\u0103r\u0103\u0219an<\/strong><\/a>, lacuri glaciare \u0219i <strong>trasee montane spectaculoase<\/strong>, dar \u0219i c\u0103tre monumente istorice de prim rang.<\/p>\n<p>Pentru pasiona\u021bii de istorie \u0219i cultur\u0103, Curtea de Arge\u0219 \u00eenseamn\u0103 \u0219i <a href=\"https:\/\/pensiunea-ruxi.ro\/en\/pelerin-in-curtea-de-arges-de-la-manastirea-regala-la-biserici-si-schituri-mai-putin-stiute\/\"><strong>loc de pelerinaj <\/strong><\/a>pentru m\u0103n\u0103stiri de patrimoniu, precum cea cu acela\u0219i nume \u2014 loc de legend\u0103 \u0219i necropol\u0103 regal\u0103 \u2014 dar \u0219i muzee \u0219i biserici care p\u0103streaz\u0103 farmecul epocilor trecute. Ora\u0219ul respir\u0103 istorie, iar plimb\u0103rile prin centrul vechi sunt o \u00eenc\u00e2ntare pentru cei care apreciaz\u0103 arhitectura tradi\u021bional\u0103.<\/p>\n<p>\u00cen acela\u0219i timp, natura din jur completeaz\u0103 perfect experien\u021ba: cascade, lacuri, p\u0103duri dese \u0219i v\u00e2rfuri spectaculoase, toate la o distan\u021b\u0103 de maximum o or\u0103 de mers cu ma\u0219ina. Lacul Vidraru, Transf\u0103g\u0103r\u0103\u0219anul, v\u00e2rfurile Moldoveanu \u0219i Negoiu sunt doar c\u00e2teva dintre atrac\u021biile naturale din apropiere.<\/p>\n<p>Atmosfera ora\u0219ului este calm\u0103 \u0219i relaxant\u0103, cu localuri autentice \u0219i zone de promenad\u0103. Pensiunea Ruxi, aflat\u0103 \u00eentr-o zon\u0103 lini\u0219tit\u0103, ofer\u0103 <a href=\"https:\/\/pensiunea-ruxi.ro\/en\/camere\/\">cazare<\/a> confortabil\u0103, fiind un punct de plecare convenabil at\u00e2t pentru drume\u021bii, c\u00e2t \u0219i pentru vizite culturale. Este genul de loc unde te sim\u021bi bine primit, f\u0103r\u0103 s\u0103 sim\u021bi c\u0103 e\u0219ti tratat ca un simplu turist.<\/p>\n<p>Fie c\u0103 \u00ee\u021bi dore\u0219ti s\u0103 te reconectezi cu istoria, s\u0103 explorezi natura sau pur \u0219i simplu s\u0103 te relaxezi \u00eentr-un ora\u0219 autentic \u0219i neaglomerat, Curtea de Arge\u0219 are toate ingredientele pentru o escapad\u0103 reu\u0219it\u0103 de weekend sau prelungit\u0103.<\/p>\n<p>Iat\u0103 un itinerariu recomandat pentru un weekend \u00een Curtea de Arge\u0219:<\/p>\n<h2>Ziua 1 \u2013 Patrimoniu \u0219i repere istorice locale<\/h2>\n<h3>\u2705 M\u0103n\u0103stirea Curtea de Arge\u0219: Istorie, legend\u0103 \u0219i arhitectur\u0103<\/h3>\n<p>Unul dintre cele mai importante obiective istorice ale ora\u0219ului este, f\u0103r\u0103 \u00eendoial\u0103, M\u0103n\u0103stirea Curtea de Arge\u0219, un loc de cult cu o semnifica\u021bie deosebit\u0103 \u00een istoria Rom\u00e2niei. Construit\u0103 \u00eentre 1512 \u0219i 1517, la comanda voievodului Neagoe Basarab, m\u0103n\u0103stirea este un simbol al tradi\u021biei \u0219i spiritualit\u0103\u021bii rom\u00e2ne\u0219ti. M\u0103n\u0103stirea se remarc\u0103 prin arhitectura sa unic\u0103, un amestec de influen\u021be bizantine, gotice \u0219i br\u00e2ncovene\u0219ti, iar fiecare detaliu al acestei construc\u021bii reflect\u0103 m\u0103iestria me\u0219te\u0219ugarilor din acea perioad\u0103.<\/p>\n<p><strong>Legenda Me<\/strong><strong>\u0219terului Manole<\/strong> este str\u00e2ns legat\u0103 de M\u0103n\u0103stirea Curtea de Arge\u0219, iar povestea trist\u0103 a acestuia pentru a finaliza construc\u021bia m\u0103n\u0103stirii, este una dintre cele mai fascinante legende ale Rom\u00e2niei. Se spune c\u0103 Manole a fost nevoit s\u0103 \u00ee\u0219i sacrifice so\u021bia pentru a \u00een\u0103l\u021ba zidurile m\u0103n\u0103stirii, iar acest act dramatic este simbolic pentru d\u0103ruirea \u0219i sacrificiul \u00een fa\u021ba credin\u021bei.<\/p>\n<p>C\u00e2nd ajungi la m\u0103n\u0103stire, vei fi \u00eent\u00e2mpinat de fa\u021bada impresionant\u0103 a bisericii mari, unde detaliile arhitecturale \u0219i sculpturile din piatr\u0103 sunt pur \u0219i simplu uimitoare. Coloanele de piatr\u0103 \u0219i turlele gotice creeaz\u0103 un peisaj arhitectural unic, iar interiorul este la fel de frumos, cu fresce, icoane \u0219i picturi murale care reflect\u0103 tradi\u021biile bizantine.<\/p>\n<p>Aici se afl\u0103 <strong>necropola regal<\/strong><strong>\u0103<\/strong>, locul de odihn\u0103 al mai multor membri ai familiei regale a Rom\u00e2niei, inclusiv al <strong>Regele Carol I<\/strong>, primul rege al Rom\u00e2niei, \u0219i al <strong>Reginei Elisabeta<\/strong>. Este o zon\u0103 de mare semnifica\u021bie istoric\u0103, iar vizitarea necropolei este o oportunitate de a \u00een\u021belege mai profund leg\u0103tura dintre <strong>Curtea de Arge\u0219<\/strong> \u0219i istoria regalit\u0103\u021bii din Rom\u00e2nia.<\/p>\n<p>Dup\u0103 ce vei explora <strong>M\u0103n\u0103stirea Curtea de Arge\u0219<\/strong>, po\u021bi s\u0103 \u00ee\u021bi faci timp pentru o pauz\u0103 \u00een <strong>curtea m\u0103n\u0103stirii<\/strong>, un loc lini\u0219tit \u0219i pitoresc, perfect pentru reflec\u021bie \u0219i reculegere.<\/p>\n<p>Fiind la doar c\u00e2\u021biva kilometri distan\u021b\u0103 de <strong>Pensiunea Ruxi<\/strong>, m\u0103n\u0103stirea este u\u0219or accesibil\u0103, iar tu vei putea petrece c\u00e2teva ore \u00een acest loc \u00eenc\u0103rcat de istorie, f\u0103r\u0103 a te sim\u021bi presat de timp.<\/p>\n<p>\u00cen urm\u0103toarea parte a zilei, te po\u021bi \u00eendrepta spre alte atrac\u021bii locale, cum ar fi Palatul Episcopal sau Muzeul Municipal, pentru a continua s\u0103 descoperi mai multe despre istoria ora\u0219ului \u0219i a regiunii.<\/p>\n<h3>\u2705Palatul Episcopal, muzeele locale<\/h3>\n<p><strong>Palatul Episcopal din Curtea de Arge\u0219<\/strong> este un alt loc de interes istoric \u0219i un obiectiv turistic important \u00een ora\u0219. Acest palat, situat \u00een apropierea <strong>M\u0103n\u0103stirii Curtea de Arge\u0219<\/strong>, a fost re\u0219edin\u021ba episcopilor din Curtea de Arge\u0219 \u0219i un simbol al puterii religioase din zon\u0103. De\u0219i ast\u0103zi nu mai func\u021bioneaz\u0103 ca re\u0219edin\u021b\u0103 oficial\u0103, <strong>Palatul Episcopal<\/strong> r\u0103m\u00e2ne o cl\u0103dire de referin\u021b\u0103 \u00een arhitectura \u0219i istoria ora\u0219ului. Construit \u00een perioada medieval\u0103, acesta a fost martor la multe evenimente importante din istoria religioas\u0103 a regiunii, iar ast\u0103zi este deschis vizitatorilor care doresc s\u0103 \u00een\u021beleag\u0103 mai bine trecutul spiritual \u0219i cultural al <strong>Curtea de Arge\u0219<\/strong>.<\/p>\n<p>Palatul a fost construit \u00een secolul al XVII-lea, \u00eentr-un stil arhitectural care reflect\u0103 at\u00e2t influen\u021bele bizantine, c\u00e2t \u0219i cele gotice, caracteristice regiunii. Fa\u021bada palatului este impun\u0103toare, cu feronerie elegant\u0103, iar interiorul, cu s\u0103li mari \u0219i un decor sofisticat, \u00ee\u021bi va oferi o imagine complet\u0103 a grandorii acestui loc \u00een perioada medieval\u0103. Po\u021bi s\u0103 explorezi camerele \u0219i s\u0103lile istorice, unde episcopii \u00ee\u0219i desf\u0103\u0219urau activit\u0103\u021bile religioase \u0219i administrative. \u00cen plus, palatul g\u0103zduie\u0219te o serie de expozi\u021bii care vorbesc despre istoria religioas\u0103 a regiunii \u0219i despre via\u021ba de zi cu zi din perioada medieval\u0103.<\/p>\n<p>Pe l\u00e2ng\u0103 <strong>Palatul Episcopal<\/strong>, <strong>Curtea de Arge\u0219<\/strong> mai ofer\u0103 \u0219i alte locuri de interes pentru cei pasiona\u021bi de istorie \u0219i cultur\u0103. Unul dintre acestea este <strong>Muzeul Municipal Curtea de Arge\u0219<\/strong>, situat \u00een apropierea centrului ora\u0219ului. Acest muzeu este dedicat istoriei ora\u0219ului \u0219i regiunii, iar expozi\u021biile sale \u00ee\u021bi vor oferi o privire detaliat\u0103 asupra tradi\u021biilor \u0219i evenimentelor care au marcat dezvoltarea zonei.<\/p>\n<p><strong>Expozi\u021bii despre via\u021ba \u0219<\/strong><strong>i tradi<\/strong><strong>\u021biile locale<\/strong>. \u00cen cadrul muzeului, vei putea descoperi o serie de expozi\u021bii ce ilustreaz\u0103 evolu\u021bia istoric\u0103 a ora\u0219ului, de la perioada medieval\u0103 p\u00e2n\u0103 \u00een prezent. Vei \u00eenv\u0103\u021ba despre istoria ora\u0219ului \u0219i despre rolul s\u0103u important \u00een cadrul \u021a\u0103rii Rom\u00e2ne\u0219ti, dar \u0219i despre tradi\u021biile \u0219i obiceiurile locale. Unele dintre cele mai interesante expozi\u021bii sunt cele care prezint\u0103 via\u021ba cotidian\u0103 a locuitorilor din Curtea de Arge\u0219 de-a lungul decadelor, iar artefactele expuse, inclusiv obiecte de artizanat, costume tradi\u021bionale \u0219i piese de mobilier, \u00ee\u021bi vor oferi o imagine mai complet\u0103 a vie\u021bii de zi cu zi din trecut.<\/p>\n<p><strong>Artefacte din diverse perioade istorice<\/strong>. Muzeul mai g\u0103zduie\u0219te \u0219i colec\u021bii valoroase de artefacte istorice, inclusiv din perioada medieval\u0103, ce reflect\u0103 tradi\u021biile \u0219i istoria <strong>Curtea de Arge\u0219<\/strong>. Acestea includ obiecte de cult, unelte, monede \u0219i documente vechi, fiecare av\u00e2nd o poveste de spus despre regiunea \u0219i locuitorii s\u0103i.<\/p>\n<h3>\u2705<strong>Activit\u0103\u021b<\/strong><strong>i de relaxare <\/strong><strong>\u00een ora\u0219 \u0219i vizite la alte obiective istorice<\/strong><\/h3>\n<p>Po\u021bi s\u0103 faci o plimbare p\u00e2n\u0103 la <strong>Catedrala Sf. Nicolae<\/strong>, o biseric\u0103 veche, situat\u0103 \u00een apropierea centrului ora\u0219ului, care merit\u0103 o vizit\u0103 datorit\u0103 istoriei sale \u0219i pentru frumuse\u021bea arhitectural\u0103. Totodat\u0103, \u00een <strong>Curtea de Arge\u0219<\/strong>, vei descoperi \u0219i o serie de magazine de suveniruri, unde po\u021bi cump\u0103ra articole tradi\u021bionale \u0219i obiecte de artizanat specifice regiunii.<\/p>\n<p>Dup\u0103 ce ai explorat atrac\u021biile istorice ale ora\u0219ului, te po\u021bi bucura de o plimbare lini\u0219tit\u0103 prin ora\u0219 sau po\u021bi vizita \u0219i alte obiective locale. A\u0219ezat\u0103 \u00eentr-un loc\u00a0 accesibil, Pensiunea Ruxi este locul perfect pentru a te odihni \u0219i a te preg\u0103ti pentru o a doua zi de aventur\u0103.<\/p>\n<h2>Ziua 2 &#8211; Explorarea naturii \u0219i a peisajelor montane<\/h2>\n<p>Dup\u0103 o zi dedicat\u0103 istoriei \u0219i culturii, a doua zi \u00een <strong>Curtea de Arge\u0219<\/strong> \u00ee\u021bi ofer\u0103 ocazia s\u0103 descoperi frumuse\u021bea naturii \u0219i a peisajelor montane deosebite ce \u00eenconjoar\u0103 ora\u0219ul. De asemenea, \u00een aceast\u0103 zi po\u021bi explora locuri mai pu\u021bin cunoscute, dar la fel de frumoase, care \u00ee\u021bi vor ar\u0103ta o fa\u021b\u0103 necunoscut\u0103 a <a href=\"https:\/\/pensiunea-ruxi.ro\/en\/pe-urmele-comorilor-turistice-ascunse-din-arges\/\"><strong>jude<\/strong><strong>\u021b<\/strong><strong>ului Arge<\/strong><strong>\u0219<\/strong><\/a>.<\/p>\n<h3>DIMINEA\u021aA: Cetatea Poenari \u0219i Barajul Vidraru<\/h3>\n<p><strong>Program recomandat:<\/strong> 8:00 &#8211; 11:00<\/p>\n<p><strong>Plecare din Curtea de Arge\u0219:<\/strong> La primele ore ale dimine\u021bii (7:30), pentru a evita aglomera\u021bia \u0219i c\u0103ldura zilei. Drumul de 22 km de la Pensiunea Ruxi pe DN7C te conduce prin peisaje montane spectaculoase.<\/p>\n<p><strong>Urcarea la cetate:<\/strong><\/p>\n<ul>\n<li><strong>480 de trepte<\/strong> p\u00e2n\u0103 la v\u00e2rf &#8211; preg\u0103te\u0219te-te pentru o provocare fizic\u0103 care merit\u0103 peisajul de sus.<\/li>\n<li><strong>Durata:<\/strong> 45-60 minute pentru persoanele cu condi\u021bie fizic\u0103 medie.<\/li>\n<li><strong>Diferen\u021ba de nivel:<\/strong> aproximativ 300 metri.<\/li>\n<li><strong>Echipament necesar:<\/strong> \u00eenc\u0103l\u021b\u0103minte comod\u0103 de sport, ap\u0103 (minim 1L\/persoan\u0103), p\u0103l\u0103rie, protec\u021bie solar\u0103.<\/li>\n<\/ul>\n<p><strong>Experien\u021ba de sus:<\/strong><\/p>\n<ul>\n<li>Panorama spectaculoas\u0103 asupra <strong>V\u0103ii Arge\u0219ului<\/strong> \u0219i <strong>Mun\u021bilor Carpa\u021bi.<\/strong><\/li>\n<li>Ruinele autentice ale cet\u0103\u021bii lui <strong>Vlad \u021aepe\u0219<\/strong> (secolul XV).<\/li>\n<li>Povestea dramatic\u0103 a <strong>Prin\u021besei Ruxandra<\/strong>, so\u021bia lui Vlad, care \u0219i-a g\u0103sit sf\u00e2r\u0219itul arunc\u00e2ndu-se de pe zidurile cet\u0103\u021bii.<\/li>\n<li>Fotografia de pe turnul principal ofer\u0103 cele mai spectaculoase cadre.<\/li>\n<\/ul>\n<p><strong>Sfaturi practice:<\/strong><\/p>\n<ul>\n<li>Evit\u0103 weekendurile pentru o experien\u021b\u0103 mai lini\u0219tit\u0103.<\/li>\n<li>Exist\u0103 un mic punct de v\u00e2nzare suveniruri la baza treptelor.<\/li>\n<li>Taxa de vizitare: aproximativ 10 lei\/adult.<\/li>\n<\/ul>\n<p><strong>\u00a0<\/strong><\/p>\n<p><strong>Lacul \u0219i Barajul Vidraru <\/strong><\/p>\n<p><strong>Program:<\/strong> 11:30 &#8211; 13:30<\/p>\n<p><strong>Drumul c\u0103tre baraj:<\/strong> Doar 8 km de la Cetatea Poenari, printr-un peisaj montan care te preg\u0103te\u0219te pentru spectacolul ce urmeaz\u0103.<\/p>\n<p><strong>Barajul Vidraru:<\/strong><\/p>\n<ul>\n<li><strong>\u00cen\u0103l\u021bime:<\/strong> 166 metri &#8211; unul din cele mai \u00eenalte baraje cu bolt\u0103 din Europa.<\/li>\n<li><strong>Lacul artificial:<\/strong> 870 hectare de ap\u0103 cristalin\u0103 \u00eenconjurat\u0103 de p\u0103duri \u0219i st\u00e2nci.<\/li>\n<li><strong>Punct de belvedere:<\/strong> Platforma amenajat\u0103 ofer\u0103 perspective unice pentru fotografie.<\/li>\n<\/ul>\n<p><strong>Activit\u0103\u021bi recomandate:<\/strong><\/p>\n<ul>\n<li><strong>Plimbare pe malul lacului:<\/strong> Poteci amenajate pe o distan\u021b\u0103 de 2-3 km.<\/li>\n<li><strong>Fotografie:<\/strong> Reflexiile mun\u021bilor \u00een apa lacului sunt spectaculoase diminea\u021ba.<\/li>\n<li><strong>Observarea p\u0103s\u0103rilor:<\/strong> Zona este populat\u0103 cu diverse specii de p\u0103s\u0103ri de munte.<\/li>\n<li><strong>Picnic:<\/strong> Exist\u0103 zone amenajate cu mese \u0219i b\u0103nci.<\/li>\n<\/ul>\n<p><strong>Trasee montane u\u0219oare din zon\u0103:<\/strong><\/p>\n<ul>\n<li><strong>Traseul c\u0103tre Cascada Capra:<\/strong> 30 minute dus, potec\u0103 u\u0219oar\u0103, marcaj triunghi ro\u0219u.<\/li>\n<li><strong>Drumul forestier c\u0103tre Cabana Negoiu:<\/strong> 1 or\u0103 dus, pentru cei care vor o plimbare mai lung\u0103.<\/li>\n<\/ul>\n<p><img loading=\"lazy\" decoding=\"async\" class=\"alignnone wp-image-2208 size-full\" src=\"https:\/\/pensiunea-ruxi.ro\/wp-content\/uploads\/2025\/08\/castle-818959_960_720.jpg\" alt=\"cazare Poenari\" width=\"960\" height=\"622\" srcset=\"https:\/\/pensiunea-ruxi.ro\/wp-content\/uploads\/2025\/08\/castle-818959_960_720.jpg 960w, https:\/\/pensiunea-ruxi.ro\/wp-content\/uploads\/2025\/08\/castle-818959_960_720-300x194.jpg 300w, https:\/\/pensiunea-ruxi.ro\/wp-content\/uploads\/2025\/08\/castle-818959_960_720-768x498.jpg 768w, https:\/\/pensiunea-ruxi.ro\/wp-content\/uploads\/2025\/08\/castle-818959_960_720-18x12.jpg 18w\" sizes=\"auto, (max-width: 960px) 100vw, 960px\" \/><\/p>\n<h3>DUP\u0102-AMIAZA: Transf\u0103g\u0103r\u0103\u0219an \u0219i Lacul B\u00e2lea<\/h3>\n<p><strong>Program:<\/strong> 14:00 &#8211; 18:00<\/p>\n<p><strong>Despre Transf\u0103g\u0103r\u0103\u0219an, \u0219oseaua legendar\u0103:<\/strong><\/p>\n<ul>\n<li>Construit\u0103 \u00eentre 1970-1974 la ordinul lui Nicolae Ceau\u0219escu.<\/li>\n<li><strong>Lungime:<\/strong> 90 km cu numeroase serpentine \u0219i tuneluri.<\/li>\n<li><strong>Punctul culminant:<\/strong>042 metri altitudine.<\/li>\n<li><strong>Deschis:<\/strong> Iunie &#8211; Octombrie (\u00een func\u021bie de condi\u021biile meteo).<\/li>\n<\/ul>\n<p><strong>Traseul de urcat (65 km):<\/strong><\/p>\n<ol>\n<li><strong>Kilometrul 0-20:<\/strong> Vale lin\u0103, p\u0103duri dese, peisaje cu mult verde.<\/li>\n<li><strong>Kilometrul 20-40:<\/strong> \u00cencepe zigzagul, priveli\u0219ti spectaculoase deasupra v\u0103ii.<\/li>\n<li><strong>Kilometrul 40-60:<\/strong> Zona de munte \u00eenalt, st\u00e2nci \u0219i cascade.<\/li>\n<li><strong>Kilometrul 60-65:<\/strong> Apropierea de v\u00e2rf, peisaj alpin autentic.<\/li>\n<\/ol>\n<p><strong>Opriri pe drum:<\/strong><\/p>\n<ul>\n<li><strong>Cascada B\u00e2lea:<\/strong> La kilometrul 63, cascad\u0103 de 60 metri \u00een\u0103l\u021bime.<\/li>\n<li><strong>Punctul de belvedere C\u0103l\u021bun:<\/strong> Panoram\u0103 circular\u0103 asupra Carpa\u021bilor.<\/li>\n<li><strong>Tunelul B\u00e2lea:<\/strong> La 887 metri lungime, experien\u021b\u0103 unic\u0103 de conducere.<\/li>\n<\/ul>\n<p><strong>Sfaturi pentru \u0219oferi:<\/strong><\/p>\n<ul>\n<li>Viteza maxim\u0103: 40 km\/h pe serpentine.<\/li>\n<li>Combustibil: Asigur\u0103-te c\u0103 ai rezervorul plin.<\/li>\n<li>Fr\u00e2ne: Folose\u0219te fr\u00e2na de motor la cobor\u00e2re.<\/li>\n<li>Meteo: Verific\u0103 condi\u021biile \u00eenainte de plecare.<\/li>\n<\/ul>\n<p><img loading=\"lazy\" decoding=\"async\" class=\"alignnone wp-image-2209 size-full\" src=\"https:\/\/pensiunea-ruxi.ro\/wp-content\/uploads\/2025\/08\/romania-2544953_960_720.jpg\" alt=\"cazare Transfagarasan\" width=\"960\" height=\"640\" srcset=\"https:\/\/pensiunea-ruxi.ro\/wp-content\/uploads\/2025\/08\/romania-2544953_960_720.jpg 960w, https:\/\/pensiunea-ruxi.ro\/wp-content\/uploads\/2025\/08\/romania-2544953_960_720-300x200.jpg 300w, https:\/\/pensiunea-ruxi.ro\/wp-content\/uploads\/2025\/08\/romania-2544953_960_720-768x512.jpg 768w, https:\/\/pensiunea-ruxi.ro\/wp-content\/uploads\/2025\/08\/romania-2544953_960_720-18x12.jpg 18w\" sizes=\"auto, (max-width: 960px) 100vw, 960px\" \/><\/p>\n<p><strong>Lacul B\u00e2lea<\/strong><\/p>\n<p><strong>Altitudine:<\/strong> 2.034 metri <strong>Origine:<\/strong> Lac glaciar natural, format \u00een ultima er\u0103 glaciar\u0103<\/p>\n<p><strong>Experien\u021be la Lacul B\u00e2lea:<\/strong><\/p>\n<p><strong>Plimbare lejer\u0103 \u00een jurul lacului (30-45 minute):<\/strong><\/p>\n<ul>\n<li>Potec\u0103 circular\u0103 bine marcat\u0103.<\/li>\n<li>Priveli\u0219ti diferite din fiecare unghi.<\/li>\n<li>Fotografie: Reflexiile sunt perfecte \u00een zilele f\u0103r\u0103 v\u00e2nt.<\/li>\n<\/ul>\n<p><strong>Activit\u0103\u021bi de relaxare:<\/strong><\/p>\n<ul>\n<li>Cabana B\u00e2lea Lac: Mas\u0103 tradi\u021bional\u0103.<\/li>\n<li>Terasa cu priveli\u0219te: Cafea cu panoram\u0103 de 360\u00b0.<\/li>\n<li>Magazin de suveniruri: Produse locale din l\u00e2n\u0103 \u0219i lemn.<\/li>\n<\/ul>\n<p><img loading=\"lazy\" decoding=\"async\" class=\"alignnone wp-image-2210 size-large\" src=\"https:\/\/pensiunea-ruxi.ro\/wp-content\/uploads\/2025\/08\/balea-lac-2692698_1280-1024x768.jpg\" alt=\"cazare B\u00e2lea\u00a0\" width=\"1024\" height=\"768\" srcset=\"https:\/\/pensiunea-ruxi.ro\/wp-content\/uploads\/2025\/08\/balea-lac-2692698_1280-1024x768.jpg 1024w, https:\/\/pensiunea-ruxi.ro\/wp-content\/uploads\/2025\/08\/balea-lac-2692698_1280-300x225.jpg 300w, https:\/\/pensiunea-ruxi.ro\/wp-content\/uploads\/2025\/08\/balea-lac-2692698_1280-768x576.jpg 768w, https:\/\/pensiunea-ruxi.ro\/wp-content\/uploads\/2025\/08\/balea-lac-2692698_1280-16x12.jpg 16w, https:\/\/pensiunea-ruxi.ro\/wp-content\/uploads\/2025\/08\/balea-lac-2692698_1280.jpg 1280w\" sizes=\"auto, (max-width: 1024px) 100vw, 1024px\" \/><\/p>\n<p><strong>Pentru iubitorii de aventur\u0103<\/strong><\/p>\n<p><strong>Traseu c\u0103tre V\u00e2rful V\u00e2n\u0103toarea lui Buteanu (2507m):<\/strong><\/p>\n<ul>\n<li><strong>Durata:<\/strong> 3-4 ore dus-\u00eentors.<\/li>\n<li><strong>Dificultate:<\/strong> Medie (potec\u0103 bine marcat\u0103).<\/li>\n<li><strong>Marcaj:<\/strong> Band\u0103 ro\u0219ie.<\/li>\n<li><strong>Echipament:<\/strong> \u00cenc\u0103l\u021b\u0103minte de munte, jachet\u0103 impermeabil\u0103, ap\u0103, m\u00e2ncare.<\/li>\n<\/ul>\n<p><strong>Etape ale traseului:<\/strong><\/p>\n<ol>\n<li><strong>Prima or\u0103:<\/strong> Cobor\u00e2re u\u0219oar\u0103 c\u0103tre \u0218aua B\u00e2lea<\/li>\n<li><strong>Ora 2:<\/strong> Urcare progresiv\u0103 pe creast\u0103<\/li>\n<li><strong>Ora 3:<\/strong> Ultimii 200m pe teren st\u00e2ncos c\u0103tre v\u00e2rf<\/li>\n<li><strong>Experien\u021ba de pe v\u00e2rf:<\/strong> vedere 360\u00b0 spre toate masivele Carpa\u021bilor Meridionali.<\/li>\n<\/ol>\n<p><strong>\u00a0<\/strong><\/p>\n<p><strong>ALTERNATIVA PENTRU EXPER\u021aI: V\u00e2rful Negoiu (2535m), al doilea v\u00e2rf ca \u00een\u0103l\u021bime din Rom\u00e2nia<\/strong><\/p>\n<p>&nbsp;<\/p>\n<p><strong>Program complet:<\/strong> 6:00 &#8211; 19:00 (zi complet\u0103)<\/p>\n<p><strong>Punct de plecare:<\/strong> Cabana B\u00e2lea Lac sau zona C\u0103l\u021bun<\/p>\n<p><strong>Caracteristicile traseului:<\/strong><\/p>\n<ul>\n<li><strong>Durata:<\/strong> 8-10 ore dus-\u00eentors<\/li>\n<li><strong>Dificultate:<\/strong> Ridicat\u0103<\/li>\n<li><strong>Diferen\u021b\u0103 de nivel:<\/strong> 500 metri<\/li>\n<li><strong>Marcaj:<\/strong> Triunghi albastru apoi cruce ro\u0219ie<\/li>\n<\/ul>\n<p><strong>Echipament obligatoriu:<\/strong><\/p>\n<ul>\n<li>Bocanci de munte.<\/li>\n<li>Rucsac de munte (30-40L).<\/li>\n<li>Jachet\u0103 \u0219i pantaloni impermeabili.<\/li>\n<li>Strat termic.<\/li>\n<li>M\u0103nu\u0219i \u0219i c\u0103ciul\u0103.<\/li>\n<li>Harta \u0219i busola\/GPS.<\/li>\n<li>Kit de prim ajutor.<\/li>\n<li>Ap\u0103 (2-3 litri\/persoan\u0103).<\/li>\n<li>M\u00e2ncare pentru \u00eentreaga zi.<\/li>\n<\/ul>\n<p><strong>\u00a0<\/strong><\/p>\n<p><strong>Traseul detaliat:<\/strong><\/p>\n<p><strong>Etapa 1: Cabana B\u00e2lea &#8211; \u0218aua Caprei (2 ore)<\/strong><\/p>\n<ul>\n<li>Cobor\u00e2re ini\u021bial\u0103 pe potec\u0103 larg\u0103<\/li>\n<li>Traversarea unui platou montan<\/li>\n<li>Prima privire c\u0103tre masivul Negoiu<\/li>\n<\/ul>\n<p><strong>Etapa 2: \u0218aua Caprei &#8211; V\u00e2rful Negoiu (2-3 ore)<\/strong><\/p>\n<ul>\n<li>Urcare constant\u0103 pe creast\u0103<\/li>\n<li>Teren variat: iarb\u0103, st\u00e2nci, bolovani<\/li>\n<li>Ultimii 100m pe teren accidentat<\/li>\n<\/ul>\n<p><strong>Experien\u021ba de pe v\u00e2rf:<\/strong><\/p>\n<ul>\n<li>Panoram\u0103 complet\u0103 asupra Carpa\u021bilor: Iezer-P\u0103pu\u0219a, Piatra Craiului, Post\u0103varu.<\/li>\n<li>Fotografia cu indicatorul de altitudine.<\/li>\n<li>Masa de v\u00e2rf \u00eentr-o lini\u0219te montan\u0103 absolut\u0103.<\/li>\n<\/ul>\n<p><strong>Precau\u021bii speciale:<\/strong><\/p>\n<ul>\n<li>Plecare doar cu vreme bun\u0103 \u0219i stabil\u0103.<\/li>\n<li>Informeaz\u0103 pe cineva despre planul t\u0103u.<\/li>\n<li>\u00centoarcere obligatorie p\u00e2n\u0103 la ora 17:00.<\/li>\n<li>Nu pleca singur(\u0103)! Mai ia m\u0103car o persoan\u0103 cu tine sau al\u0103tur\u0103-te unui grup organizat.<\/li>\n<\/ul>\n<p>La finalul unei zile pline de descoperiri, fie c\u0103 ai urcat sute de trepte spre cet\u0103\u021bi medievale sau ai str\u0103b\u0103tut poteci alpine p\u00e2n\u0103 la peste 2.000 m altitudine, ai nevoie de un loc care s\u0103 te primeasc\u0103 cu lini\u0219te, c\u0103ldur\u0103 \u0219i confort. Pensiunea Ruxi este exact genul de loc unde sim\u021bi c\u0103 te \u00eentorci \u201eacas\u0103\u201d, indiferent de c\u00e2t de departe ai ajuns \u00een explor\u0103rile tale.<\/p>\n<p>Cu camere primitoare, o atmosfer\u0103 relaxant\u0103 \u0219i o pozi\u021bionare excelent\u0103 fa\u021b\u0103 de toate atrac\u021biile din zon\u0103, pensiunea noastr\u0103 este refugiul perfect \u00eentre dou\u0103 zile pline de experien\u021be autentice. Aici \u00ee\u021bi po\u021bi planifica urm\u0103toarea drume\u021bie, te po\u021bi uita peste fotografiile zilei sau pur \u0219i simplu te po\u021bi bucura de lini\u0219tea unei seri tihnite la poalele mun\u021bilor.<\/p>\n<p>Fie c\u0103 vii pentru peisaj, istorie, aventur\u0103 sau doar pentru a-\u021bi re\u00eenc\u0103rca bateriile, Curtea de Arge\u0219 \u00ee\u021bi ofer\u0103 toate motivele s\u0103 revii. Iar la Pensiunea Ruxi, vei g\u0103si \u00eentotdeauna o gazd\u0103 preg\u0103tit\u0103 s\u0103-\u021bi transforme weekendul \u00eentr-o amintire frumoas\u0103.<\/p>\n<p>\ud83d\udcde<strong> Contacteaz\u0103-ne la 0727 82 76 75 sau rezerv\u0103 online pe site-ul nostru simplu, rapid, f\u0103r\u0103 plat\u0103 \u00een avans. Te a\u0219tept\u0103m cu drag<\/strong><strong>!<\/strong><\/p>\n\n<div class=\"wpcf7 no-js\" id=\"wpcf7-f1751-o1\" lang=\"en-US\" dir=\"ltr\" data-wpcf7-id=\"1751\">\n<div class=\"screen-reader-response\"><p role=\"status\" aria-live=\"polite\" aria-atomic=\"true\"><\/p> <ul><\/ul><\/div>\n<form action=\"\/en\/wp-json\/wp\/v2\/posts\/2206#wpcf7-f1751-o1\" method=\"post\" class=\"wpcf7-form init\" aria-label=\"Contact form\" novalidate=\"novalidate\" data-status=\"init\" data-trp-original-action=\"\/en\/wp-json\/wp\/v2\/posts\/2206#wpcf7-f1751-o1\">\n<fieldset class=\"hidden-fields-container\"><input type=\"hidden\" name=\"_wpcf7\" value=\"1751\" \/><input type=\"hidden\" name=\"_wpcf7_version\" value=\"6.1.3\" \/><input type=\"hidden\" name=\"_wpcf7_locale\" value=\"en_US\" \/><input type=\"hidden\" name=\"_wpcf7_unit_tag\" value=\"wpcf7-f1751-o1\" \/><input type=\"hidden\" name=\"_wpcf7_container_post\" value=\"0\" \/><input type=\"hidden\" name=\"_wpcf7_posted_data_hash\" value=\"\" \/><input type=\"hidden\" name=\"_wpcf7_recaptcha_response\" value=\"\" \/>\n<\/fieldset>\n<p><label> Data sosirii<br \/>\n<span class=\"wpcf7-form-control-wrap\" data-name=\"date-4\"><input class=\"wpcf7-form-control wpcf7-date wpcf7-validates-as-required wpcf7-validates-as-date\" aria-required=\"true\" aria-invalid=\"false\" value=\"data-sosirii\" type=\"date\" name=\"date-4\" \/><\/span> <\/label>\n<\/p>\n<p><label> Data plecarii<br \/>\n<span class=\"wpcf7-form-control-wrap\" data-name=\"date-5\"><input class=\"wpcf7-form-control wpcf7-date wpcf7-validates-as-required wpcf7-validates-as-date\" aria-required=\"true\" aria-invalid=\"false\" value=\"data-plecarii\" type=\"date\" name=\"date-5\" \/><\/span> <\/label>\n<\/p>\n<p><label> Nr. persoane<br \/>\n<span class=\"wpcf7-form-control-wrap\" data-name=\"numar-pers\"><input class=\"wpcf7-form-control wpcf7-number wpcf7-validates-as-required wpcf7-validates-as-number\" min=\"1\" max=\"100\" aria-required=\"true\" aria-invalid=\"false\" value=\"\" type=\"number\" name=\"numar-pers\" \/><\/span> <\/label>\n<\/p>\n<p><label> Nume si Prenume<br \/>\n<span class=\"wpcf7-form-control-wrap\" data-name=\"text-nume\"><input size=\"40\" maxlength=\"400\" class=\"wpcf7-form-control wpcf7-text wpcf7-validates-as-required\" aria-required=\"true\" aria-invalid=\"false\" value=\"\" type=\"text\" name=\"text-nume\" \/><\/span> <\/label>\n<\/p>\n<p><label> Telefon<br \/>\n<span class=\"wpcf7-form-control-wrap\" data-name=\"tel-710\"><input size=\"40\" maxlength=\"400\" class=\"wpcf7-form-control wpcf7-tel wpcf7-validates-as-required wpcf7-text wpcf7-validates-as-tel\" aria-required=\"true\" aria-invalid=\"false\" value=\"telefon\" type=\"tel\" name=\"tel-710\" \/><\/span> <\/label>\n<\/p>\n<p><label> Adresa de e-mail<br \/>\n<span class=\"wpcf7-form-control-wrap\" data-name=\"email-587\"><input size=\"40\" maxlength=\"400\" class=\"wpcf7-form-control wpcf7-email wpcf7-validates-as-required wpcf7-text wpcf7-validates-as-email\" aria-required=\"true\" aria-invalid=\"false\" value=\"e-mail\" type=\"email\" name=\"email-587\" \/><\/span> <\/label>\n<\/p>\n<p><label> Mesaj (optional)<br \/>\n<span class=\"wpcf7-form-control-wrap\" data-name=\"textarea-328\"><textarea cols=\"40\" rows=\"10\" maxlength=\"2000\" class=\"wpcf7-form-control wpcf7-textarea\" aria-invalid=\"false\" name=\"textarea-328\">mesaj<\/textarea><\/span> <\/label>\n<\/p>\n<p><input class=\"wpcf7-form-control wpcf7-submit has-spinner\" type=\"submit\" value=\"Send\" \/>\n<\/p><p style=\"display: none !important;\" class=\"akismet-fields-container\" data-prefix=\"_wpcf7_ak_\"><label>&#916;<textarea name=\"_wpcf7_ak_hp_textarea\" cols=\"45\" rows=\"8\" maxlength=\"100\"><\/textarea><\/label><input type=\"hidden\" id=\"ak_js_1\" name=\"_wpcf7_ak_js\" value=\"73\"\/><script>document.getElementById( \"ak_js_1\" ).setAttribute( \"value\", ( new Date() ).getTime() );<\/script><\/p><div class=\"wpcf7-response-output\" aria-hidden=\"true\"><\/div>\n<input type=\"hidden\" name=\"trp-form-language\" value=\"en\"\/><\/form>\n<\/div>","protected":false},"excerpt":{"rendered":"<p>Curtea de Arge\u0219 este un ora\u0219 cu o istorie fascinant\u0103, situat \u00een jude\u021bul Arge\u0219, la poalele Mun\u021bilor F\u0103g\u0103ra\u0219. Acesta a fost capitala \u021a\u0103rii Rom\u00e2ne\u0219ti \u00een perioada medieval\u0103 \u0219i un important centru religios \u0219i cultural al regiunii. Ast\u0103zi, Curtea de Arge\u0219 este recunoscut\u0103 nu doar pentru patrimoniul s\u0103u istoric deosebit, dar \u0219i pentru peisajele montane uimitoare [&hellip;]<\/p>","protected":false},"author":4,"featured_media":2207,"comment_status":"open","ping_status":"open","sticky":false,"template":"","format":"standard","meta":{"footnotes":""},"categories":[27],"tags":[],"class_list":["post-2206","post","type-post","status-publish","format-standard","hentry","category-blog"],"yoast_head":"<!-- This site is optimized with the Yoast SEO plugin v25.1 - https:\/\/yoast.com\/wordpress\/plugins\/seo\/ -->\n<title>Ce faci \u00eentr-o ie\u0219ire de weekend la Curtea de Arge\u0219?\ud83c\udfd4\ufe0fPensiunea Ruxi<\/title>\n<meta name=\"description\" content=\"Ce po\u021bi face in weekend la Curtea de Arge\u0219?\u2b55\ufe0fCetatea Poenari\u2b55\ufe0fM\u0103n\u0103stiri\u2b55\ufe0fTrasee Montane\u2b55\ufe0fLacul Vidraru\u2b55\ufe0fTransf\u0103g\u0103r\u0103san \u0219i Lacul B\u00e2lea\u2b55\ufe0fCazare Curtea de Arge\u0219\" \/>\n<meta name=\"robots\" content=\"index, follow, max-snippet:-1, max-image-preview:large, max-video-preview:-1\" \/>\n<link rel=\"canonical\" href=\"https:\/\/pensiunea-ruxi.ro\/en\/ce-faci-intr-o-iesire-de-weekend-la-curtea-de-arges\/\" \/>\n<meta property=\"og:locale\" content=\"en_GB\" \/>\n<meta property=\"og:type\" content=\"article\" \/>\n<meta property=\"og:title\" content=\"Ce faci \u00eentr-o ie\u0219ire de weekend la Curtea de Arge\u0219?\ud83c\udfd4\ufe0fPensiunea Ruxi\" \/>\n<meta property=\"og:description\" content=\"Ce po\u021bi face in weekend la Curtea de Arge\u0219?\u2b55\ufe0fCetatea Poenari\u2b55\ufe0fM\u0103n\u0103stiri\u2b55\ufe0fTrasee Montane\u2b55\ufe0fLacul Vidraru\u2b55\ufe0fTransf\u0103g\u0103r\u0103san \u0219i Lacul B\u00e2lea\u2b55\ufe0fCazare Curtea de Arge\u0219\" \/>\n<meta property=\"og:url\" content=\"https:\/\/pensiunea-ruxi.ro\/en\/ce-faci-intr-o-iesire-de-weekend-la-curtea-de-arges\/\" \/>\n<meta property=\"og:site_name\" content=\"Pensiunea Ruxi\" \/>\n<meta property=\"article:published_time\" content=\"2025-07-03T19:01:45+00:00\" \/>\n<meta property=\"article:modified_time\" content=\"2025-08-21T20:55:42+00:00\" \/>\n<meta property=\"og:image\" content=\"https:\/\/pensiunea-ruxi.ro\/wp-content\/uploads\/2025\/08\/pexels-vidalbalielojrfotografia-1682497.jpg\" \/>\n\t<meta property=\"og:image:width\" content=\"1920\" \/>\n\t<meta property=\"og:image:height\" content=\"1280\" \/>\n\t<meta property=\"og:image:type\" content=\"image\/jpeg\" \/>\n<meta name=\"author\" content=\"administrator\" \/>\n<meta name=\"twitter:card\" content=\"summary_large_image\" \/>\n<meta name=\"twitter:label1\" content=\"Written by\" \/>\n\t<meta name=\"twitter:data1\" content=\"administrator\" \/>\n\t<meta name=\"twitter:label2\" content=\"Estimated reading time\" \/>\n\t<meta name=\"twitter:data2\" content=\"14 minutes\" \/>\n<script type=\"application\/ld+json\" class=\"yoast-schema-graph\">{\"@context\":\"https:\/\/schema.org\",\"@graph\":[{\"@type\":\"Article\",\"@id\":\"https:\/\/pensiunea-ruxi.ro\/ce-faci-intr-o-iesire-de-weekend-la-curtea-de-arges\/#article\",\"isPartOf\":{\"@id\":\"https:\/\/pensiunea-ruxi.ro\/ce-faci-intr-o-iesire-de-weekend-la-curtea-de-arges\/\"},\"author\":{\"name\":\"administrator\",\"@id\":\"https:\/\/pensiunea-ruxi.ro\/#\/schema\/person\/f5ec48f3f231639ae67843c22b6ac73c\"},\"headline\":\"Ce faci \u00eentr-o ie\u0219ire de weekend la Curtea de Arge\u0219?\",\"datePublished\":\"2025-07-03T19:01:45+00:00\",\"dateModified\":\"2025-08-21T20:55:42+00:00\",\"mainEntityOfPage\":{\"@id\":\"https:\/\/pensiunea-ruxi.ro\/ce-faci-intr-o-iesire-de-weekend-la-curtea-de-arges\/\"},\"wordCount\":2660,\"commentCount\":0,\"publisher\":{\"@id\":\"https:\/\/pensiunea-ruxi.ro\/#organization\"},\"image\":{\"@id\":\"https:\/\/pensiunea-ruxi.ro\/ce-faci-intr-o-iesire-de-weekend-la-curtea-de-arges\/#primaryimage\"},\"thumbnailUrl\":\"https:\/\/pensiunea-ruxi.ro\/wp-content\/uploads\/2025\/08\/pexels-vidalbalielojrfotografia-1682497.jpg\",\"articleSection\":[\"Blog\"],\"inLanguage\":\"en-GB\",\"potentialAction\":[{\"@type\":\"CommentAction\",\"name\":\"Comment\",\"target\":[\"https:\/\/pensiunea-ruxi.ro\/ce-faci-intr-o-iesire-de-weekend-la-curtea-de-arges\/#respond\"]}]},{\"@type\":\"WebPage\",\"@id\":\"https:\/\/pensiunea-ruxi.ro\/ce-faci-intr-o-iesire-de-weekend-la-curtea-de-arges\/\",\"url\":\"https:\/\/pensiunea-ruxi.ro\/ce-faci-intr-o-iesire-de-weekend-la-curtea-de-arges\/\",\"name\":\"Ce faci \u00eentr-o ie\u0219ire de weekend la Curtea de Arge\u0219?\ud83c\udfd4\ufe0fPensiunea Ruxi\",\"isPartOf\":{\"@id\":\"https:\/\/pensiunea-ruxi.ro\/#website\"},\"primaryImageOfPage\":{\"@id\":\"https:\/\/pensiunea-ruxi.ro\/ce-faci-intr-o-iesire-de-weekend-la-curtea-de-arges\/#primaryimage\"},\"image\":{\"@id\":\"https:\/\/pensiunea-ruxi.ro\/ce-faci-intr-o-iesire-de-weekend-la-curtea-de-arges\/#primaryimage\"},\"thumbnailUrl\":\"https:\/\/pensiunea-ruxi.ro\/wp-content\/uploads\/2025\/08\/pexels-vidalbalielojrfotografia-1682497.jpg\",\"datePublished\":\"2025-07-03T19:01:45+00:00\",\"dateModified\":\"2025-08-21T20:55:42+00:00\",\"description\":\"Ce po\u021bi face in weekend la Curtea de Arge\u0219?\u2b55\ufe0fCetatea Poenari\u2b55\ufe0fM\u0103n\u0103stiri\u2b55\ufe0fTrasee Montane\u2b55\ufe0fLacul Vidraru\u2b55\ufe0fTransf\u0103g\u0103r\u0103san \u0219i Lacul B\u00e2lea\u2b55\ufe0fCazare Curtea de Arge\u0219\",\"breadcrumb\":{\"@id\":\"https:\/\/pensiunea-ruxi.ro\/ce-faci-intr-o-iesire-de-weekend-la-curtea-de-arges\/#breadcrumb\"},\"inLanguage\":\"en-GB\",\"potentialAction\":[{\"@type\":\"ReadAction\",\"target\":[\"https:\/\/pensiunea-ruxi.ro\/ce-faci-intr-o-iesire-de-weekend-la-curtea-de-arges\/\"]}]},{\"@type\":\"ImageObject\",\"inLanguage\":\"en-GB\",\"@id\":\"https:\/\/pensiunea-ruxi.ro\/ce-faci-intr-o-iesire-de-weekend-la-curtea-de-arges\/#primaryimage\",\"url\":\"https:\/\/pensiunea-ruxi.ro\/wp-content\/uploads\/2025\/08\/pexels-vidalbalielojrfotografia-1682497.jpg\",\"contentUrl\":\"https:\/\/pensiunea-ruxi.ro\/wp-content\/uploads\/2025\/08\/pexels-vidalbalielojrfotografia-1682497.jpg\",\"width\":1920,\"height\":1280,\"caption\":\"vacan\u021b\u0103 weekend Curtea de Arge\u0219\"},{\"@type\":\"BreadcrumbList\",\"@id\":\"https:\/\/pensiunea-ruxi.ro\/ce-faci-intr-o-iesire-de-weekend-la-curtea-de-arges\/#breadcrumb\",\"itemListElement\":[{\"@type\":\"ListItem\",\"position\":1,\"name\":\"Prima pagin\u0103\",\"item\":\"https:\/\/pensiunea-ruxi.ro\/\"},{\"@type\":\"ListItem\",\"position\":2,\"name\":\"Ce faci \u00eentr-o ie\u0219ire de weekend la Curtea de Arge\u0219?\"}]},{\"@type\":\"WebSite\",\"@id\":\"https:\/\/pensiunea-ruxi.ro\/#website\",\"url\":\"https:\/\/pensiunea-ruxi.ro\/\",\"name\":\"Pensiunea Ruxi\",\"description\":\"Cazare Curtea de Arge\u0219\",\"publisher\":{\"@id\":\"https:\/\/pensiunea-ruxi.ro\/#organization\"},\"potentialAction\":[{\"@type\":\"SearchAction\",\"target\":{\"@type\":\"EntryPoint\",\"urlTemplate\":\"https:\/\/pensiunea-ruxi.ro\/?s={search_term_string}\"},\"query-input\":{\"@type\":\"PropertyValueSpecification\",\"valueRequired\":true,\"valueName\":\"search_term_string\"}}],\"inLanguage\":\"en-GB\"},{\"@type\":\"Organization\",\"@id\":\"https:\/\/pensiunea-ruxi.ro\/#organization\",\"name\":\"Pensiunea Ruxi\",\"alternateName\":\"Pensiunea Ruxi - Curtea de Arges\",\"url\":\"https:\/\/pensiunea-ruxi.ro\/\",\"logo\":{\"@type\":\"ImageObject\",\"inLanguage\":\"en-GB\",\"@id\":\"https:\/\/pensiunea-ruxi.ro\/#\/schema\/logo\/image\/\",\"url\":\"https:\/\/pensiunea-ruxi.ro\/wp-content\/uploads\/2021\/01\/SIGLA-PENSIUNEA-RUXI.jpg\",\"contentUrl\":\"https:\/\/pensiunea-ruxi.ro\/wp-content\/uploads\/2021\/01\/SIGLA-PENSIUNEA-RUXI.jpg\",\"width\":528,\"height\":128,\"caption\":\"Pensiunea Ruxi\"},\"image\":{\"@id\":\"https:\/\/pensiunea-ruxi.ro\/#\/schema\/logo\/image\/\"}},{\"@type\":\"Person\",\"@id\":\"https:\/\/pensiunea-ruxi.ro\/#\/schema\/person\/f5ec48f3f231639ae67843c22b6ac73c\",\"name\":\"administrator\",\"image\":{\"@type\":\"ImageObject\",\"inLanguage\":\"en-GB\",\"@id\":\"https:\/\/pensiunea-ruxi.ro\/#\/schema\/person\/image\/\",\"url\":\"https:\/\/secure.gravatar.com\/avatar\/00982cc76c2c05972b1581b1b1f7a3ceb81e226205f216e6fce34f2b2ca3d769?s=96&d=mm&r=g\",\"contentUrl\":\"https:\/\/secure.gravatar.com\/avatar\/00982cc76c2c05972b1581b1b1f7a3ceb81e226205f216e6fce34f2b2ca3d769?s=96&d=mm&r=g\",\"caption\":\"administrator\"},\"url\":\"https:\/\/pensiunea-ruxi.ro\/en\/author\/administrator\/\"}]}<\/script>\n<!-- \/ Yoast SEO plugin. -->","yoast_head_json":{"title":"Ce faci \u00eentr-o ie\u0219ire de weekend la Curtea de Arge\u0219?\ud83c\udfd4\ufe0fPensiunea Ruxi","description":"Ce po\u021bi face in weekend la Curtea de Arge\u0219?\u2b55\ufe0fCetatea Poenari\u2b55\ufe0fM\u0103n\u0103stiri\u2b55\ufe0fTrasee Montane\u2b55\ufe0fLacul Vidraru\u2b55\ufe0fTransf\u0103g\u0103r\u0103san \u0219i Lacul B\u00e2lea\u2b55\ufe0fCazare Curtea de Arge\u0219","robots":{"index":"index","follow":"follow","max-snippet":"max-snippet:-1","max-image-preview":"max-image-preview:large","max-video-preview":"max-video-preview:-1"},"canonical":"https:\/\/pensiunea-ruxi.ro\/en\/ce-faci-intr-o-iesire-de-weekend-la-curtea-de-arges\/","og_locale":"en_GB","og_type":"article","og_title":"Ce faci \u00eentr-o ie\u0219ire de weekend la Curtea de Arge\u0219?\ud83c\udfd4\ufe0fPensiunea Ruxi","og_description":"Ce po\u021bi face in weekend la Curtea de Arge\u0219?\u2b55\ufe0fCetatea Poenari\u2b55\ufe0fM\u0103n\u0103stiri\u2b55\ufe0fTrasee Montane\u2b55\ufe0fLacul Vidraru\u2b55\ufe0fTransf\u0103g\u0103r\u0103san \u0219i Lacul B\u00e2lea\u2b55\ufe0fCazare Curtea de Arge\u0219","og_url":"https:\/\/pensiunea-ruxi.ro\/en\/ce-faci-intr-o-iesire-de-weekend-la-curtea-de-arges\/","og_site_name":"Pensiunea Ruxi","article_published_time":"2025-07-03T19:01:45+00:00","article_modified_time":"2025-08-21T20:55:42+00:00","og_image":[{"width":1920,"height":1280,"url":"https:\/\/pensiunea-ruxi.ro\/wp-content\/uploads\/2025\/08\/pexels-vidalbalielojrfotografia-1682497.jpg","type":"image\/jpeg"}],"author":"administrator","twitter_card":"summary_large_image","twitter_misc":{"Written by":"administrator","Estimated reading time":"14 minutes"},"schema":{"@context":"https:\/\/schema.org","@graph":[{"@type":"Article","@id":"https:\/\/pensiunea-ruxi.ro\/ce-faci-intr-o-iesire-de-weekend-la-curtea-de-arges\/#article","isPartOf":{"@id":"https:\/\/pensiunea-ruxi.ro\/ce-faci-intr-o-iesire-de-weekend-la-curtea-de-arges\/"},"author":{"name":"administrator","@id":"https:\/\/pensiunea-ruxi.ro\/#\/schema\/person\/f5ec48f3f231639ae67843c22b6ac73c"},"headline":"Ce faci \u00eentr-o ie\u0219ire de weekend la Curtea de Arge\u0219?","datePublished":"2025-07-03T19:01:45+00:00","dateModified":"2025-08-21T20:55:42+00:00","mainEntityOfPage":{"@id":"https:\/\/pensiunea-ruxi.ro\/ce-faci-intr-o-iesire-de-weekend-la-curtea-de-arges\/"},"wordCount":2660,"commentCount":0,"publisher":{"@id":"https:\/\/pensiunea-ruxi.ro\/#organization"},"image":{"@id":"https:\/\/pensiunea-ruxi.ro\/ce-faci-intr-o-iesire-de-weekend-la-curtea-de-arges\/#primaryimage"},"thumbnailUrl":"https:\/\/pensiunea-ruxi.ro\/wp-content\/uploads\/2025\/08\/pexels-vidalbalielojrfotografia-1682497.jpg","articleSection":["Blog"],"inLanguage":"en-GB","potentialAction":[{"@type":"CommentAction","name":"Comment","target":["https:\/\/pensiunea-ruxi.ro\/ce-faci-intr-o-iesire-de-weekend-la-curtea-de-arges\/#respond"]}]},{"@type":"WebPage","@id":"https:\/\/pensiunea-ruxi.ro\/ce-faci-intr-o-iesire-de-weekend-la-curtea-de-arges\/","url":"https:\/\/pensiunea-ruxi.ro\/ce-faci-intr-o-iesire-de-weekend-la-curtea-de-arges\/","name":"Ce faci \u00eentr-o ie\u0219ire de weekend la Curtea de Arge\u0219?\ud83c\udfd4\ufe0fPensiunea Ruxi","isPartOf":{"@id":"https:\/\/pensiunea-ruxi.ro\/#website"},"primaryImageOfPage":{"@id":"https:\/\/pensiunea-ruxi.ro\/ce-faci-intr-o-iesire-de-weekend-la-curtea-de-arges\/#primaryimage"},"image":{"@id":"https:\/\/pensiunea-ruxi.ro\/ce-faci-intr-o-iesire-de-weekend-la-curtea-de-arges\/#primaryimage"},"thumbnailUrl":"https:\/\/pensiunea-ruxi.ro\/wp-content\/uploads\/2025\/08\/pexels-vidalbalielojrfotografia-1682497.jpg","datePublished":"2025-07-03T19:01:45+00:00","dateModified":"2025-08-21T20:55:42+00:00","description":"Ce po\u021bi face in weekend la Curtea de Arge\u0219?\u2b55\ufe0fCetatea Poenari\u2b55\ufe0fM\u0103n\u0103stiri\u2b55\ufe0fTrasee Montane\u2b55\ufe0fLacul Vidraru\u2b55\ufe0fTransf\u0103g\u0103r\u0103san \u0219i Lacul B\u00e2lea\u2b55\ufe0fCazare Curtea de Arge\u0219","breadcrumb":{"@id":"https:\/\/pensiunea-ruxi.ro\/ce-faci-intr-o-iesire-de-weekend-la-curtea-de-arges\/#breadcrumb"},"inLanguage":"en-GB","potentialAction":[{"@type":"ReadAction","target":["https:\/\/pensiunea-ruxi.ro\/ce-faci-intr-o-iesire-de-weekend-la-curtea-de-arges\/"]}]},{"@type":"ImageObject","inLanguage":"en-GB","@id":"https:\/\/pensiunea-ruxi.ro\/ce-faci-intr-o-iesire-de-weekend-la-curtea-de-arges\/#primaryimage","url":"https:\/\/pensiunea-ruxi.ro\/wp-content\/uploads\/2025\/08\/pexels-vidalbalielojrfotografia-1682497.jpg","contentUrl":"https:\/\/pensiunea-ruxi.ro\/wp-content\/uploads\/2025\/08\/pexels-vidalbalielojrfotografia-1682497.jpg","width":1920,"height":1280,"caption":"vacan\u021b\u0103 weekend Curtea de Arge\u0219"},{"@type":"BreadcrumbList","@id":"https:\/\/pensiunea-ruxi.ro\/ce-faci-intr-o-iesire-de-weekend-la-curtea-de-arges\/#breadcrumb","itemListElement":[{"@type":"ListItem","position":1,"name":"Prima pagin\u0103","item":"https:\/\/pensiunea-ruxi.ro\/"},{"@type":"ListItem","position":2,"name":"Ce faci \u00eentr-o ie\u0219ire de weekend la Curtea de Arge\u0219?"}]},{"@type":"WebSite","@id":"https:\/\/pensiunea-ruxi.ro\/#website","url":"https:\/\/pensiunea-ruxi.ro\/","name":"Pensiunea Ruxi","description":"Cazare Curtea de Arge\u0219","publisher":{"@id":"https:\/\/pensiunea-ruxi.ro\/#organization"},"potentialAction":[{"@type":"SearchAction","target":{"@type":"EntryPoint","urlTemplate":"https:\/\/pensiunea-ruxi.ro\/?s={search_term_string}"},"query-input":{"@type":"PropertyValueSpecification","valueRequired":true,"valueName":"search_term_string"}}],"inLanguage":"en-GB"},{"@type":"Organization","@id":"https:\/\/pensiunea-ruxi.ro\/#organization","name":"Pensiunea Ruxi","alternateName":"Pensiunea Ruxi - Curtea de Arges","url":"https:\/\/pensiunea-ruxi.ro\/","logo":{"@type":"ImageObject","inLanguage":"en-GB","@id":"https:\/\/pensiunea-ruxi.ro\/#\/schema\/logo\/image\/","url":"https:\/\/pensiunea-ruxi.ro\/wp-content\/uploads\/2021\/01\/SIGLA-PENSIUNEA-RUXI.jpg","contentUrl":"https:\/\/pensiunea-ruxi.ro\/wp-content\/uploads\/2021\/01\/SIGLA-PENSIUNEA-RUXI.jpg","width":528,"height":128,"caption":"Pensiunea Ruxi"},"image":{"@id":"https:\/\/pensiunea-ruxi.ro\/#\/schema\/logo\/image\/"}},{"@type":"Person","@id":"https:\/\/pensiunea-ruxi.ro\/#\/schema\/person\/f5ec48f3f231639ae67843c22b6ac73c","name":"administrator","image":{"@type":"ImageObject","inLanguage":"en-GB","@id":"https:\/\/pensiunea-ruxi.ro\/#\/schema\/person\/image\/","url":"https:\/\/secure.gravatar.com\/avatar\/00982cc76c2c05972b1581b1b1f7a3ceb81e226205f216e6fce34f2b2ca3d769?s=96&d=mm&r=g","contentUrl":"https:\/\/secure.gravatar.com\/avatar\/00982cc76c2c05972b1581b1b1f7a3ceb81e226205f216e6fce34f2b2ca3d769?s=96&d=mm&r=g","caption":"administrator"},"url":"https:\/\/pensiunea-ruxi.ro\/en\/author\/administrator\/"}]}},"_links":{"self":[{"href":"https:\/\/pensiunea-ruxi.ro\/en\/wp-json\/wp\/v2\/posts\/2206","targetHints":{"allow":["GET"]}}],"collection":[{"href":"https:\/\/pensiunea-ruxi.ro\/en\/wp-json\/wp\/v2\/posts"}],"about":[{"href":"https:\/\/pensiunea-ruxi.ro\/en\/wp-json\/wp\/v2\/types\/post"}],"author":[{"embeddable":true,"href":"https:\/\/pensiunea-ruxi.ro\/en\/wp-json\/wp\/v2\/users\/4"}],"replies":[{"embeddable":true,"href":"https:\/\/pensiunea-ruxi.ro\/en\/wp-json\/wp\/v2\/comments?post=2206"}],"version-history":[{"count":3,"href":"https:\/\/pensiunea-ruxi.ro\/en\/wp-json\/wp\/v2\/posts\/2206\/revisions"}],"predecessor-version":[{"id":2242,"href":"https:\/\/pensiunea-ruxi.ro\/en\/wp-json\/wp\/v2\/posts\/2206\/revisions\/2242"}],"wp:featuredmedia":[{"embeddable":true,"href":"https:\/\/pensiunea-ruxi.ro\/en\/wp-json\/wp\/v2\/media\/2207"}],"wp:attachment":[{"href":"https:\/\/pensiunea-ruxi.ro\/en\/wp-json\/wp\/v2\/media?parent=2206"}],"wp:term":[{"taxonomy":"category","embeddable":true,"href":"https:\/\/pensiunea-ruxi.ro\/en\/wp-json\/wp\/v2\/categories?post=2206"},{"taxonomy":"post_tag","embeddable":true,"href":"https:\/\/pensiunea-ruxi.ro\/en\/wp-json\/wp\/v2\/tags?post=2206"}],"curies":[{"name":"wp","href":"https:\/\/api.w.org\/{rel}","templated":true}]}}