{"id":2200,"date":"2025-06-14T18:51:29","date_gmt":"2025-06-14T18:51:29","guid":{"rendered":"https:\/\/pensiunea-ruxi.ro\/?p=2200"},"modified":"2025-08-21T20:55:09","modified_gmt":"2025-08-21T20:55:09","slug":"pe-urmele-lui-vlad-tepes-in-arges-si-imprejurimi","status":"publish","type":"post","link":"https:\/\/pensiunea-ruxi.ro\/en\/pe-urmele-lui-vlad-tepes-in-arges-si-imprejurimi\/","title":{"rendered":"Pe urmele lui Vlad \u021aepe\u0219 \u00een Arge\u0219 \u0219i \u00eemprejurimi"},"content":{"rendered":"<p><img loading=\"lazy\" decoding=\"async\" class=\"alignnone wp-image-2201 size-large\" src=\"https:\/\/pensiunea-ruxi.ro\/wp-content\/uploads\/2025\/08\/paul-torres-d-dQYx9u89U-unsplash-1024x819.jpg\" alt=\"pe urmele lui Vlad \u021aepe\u0219 \u00een Arge\u0219 \" width=\"1024\" height=\"819\" srcset=\"https:\/\/pensiunea-ruxi.ro\/wp-content\/uploads\/2025\/08\/paul-torres-d-dQYx9u89U-unsplash-1024x819.jpg 1024w, https:\/\/pensiunea-ruxi.ro\/wp-content\/uploads\/2025\/08\/paul-torres-d-dQYx9u89U-unsplash-300x240.jpg 300w, https:\/\/pensiunea-ruxi.ro\/wp-content\/uploads\/2025\/08\/paul-torres-d-dQYx9u89U-unsplash-768x614.jpg 768w, https:\/\/pensiunea-ruxi.ro\/wp-content\/uploads\/2025\/08\/paul-torres-d-dQYx9u89U-unsplash-1536x1229.jpg 1536w, https:\/\/pensiunea-ruxi.ro\/wp-content\/uploads\/2025\/08\/paul-torres-d-dQYx9u89U-unsplash-15x12.jpg 15w, https:\/\/pensiunea-ruxi.ro\/wp-content\/uploads\/2025\/08\/paul-torres-d-dQYx9u89U-unsplash.jpg 1920w\" sizes=\"auto, (max-width: 1024px) 100vw, 1024px\" \/><\/p>\n<p>&nbsp;<\/p>\n<p>Vlad \u021aepe\u0219 personajul istoric care st\u0103 \u00een spatele personajului fictiv, Dracula, a fost voievod al \u021a\u0103rii Rom\u00e2ne\u0219ti \u00een secolul al XV-lea, remarc\u00e2ndu-se prin cruzimea sa fa\u021b\u0103 de du\u0219manii regatului \u0219i prin metodele sale nemiloase de a men\u021bine ordinea, cea mai celebr\u0103 fiind trasul \u00een \u021beap\u0103. N\u0103scut \u00een 1431 \u00een Transilvania, Vlad a fost fiul lui Vlad al II-lea Dracul, membru al Ordinului Dragonului, o societate de cavaleri dedicat\u0103 protec\u021biei cre\u0219tinismului.<\/p>\n<p>Figura sa este legat\u0103 de numeroase <a href=\"https:\/\/pensiunea-ruxi.ro\/en\/destinatii-turistice\/\">destina\u021bii turistice<\/a> din Arge\u0219, iar castelul Poenari, considerat \u201efort\u0103rea\u021ba lui Dracula\u201d, este unul dintre cele mai reprezentative monumente legate de domnia sa.<\/p>\n<p>Leg\u0103tura lui Vlad cu Arge\u0219ul este profund\u0103, nu doar prin locuri istorice precum M\u0103n\u0103stirea Curtea de Arge\u0219, dar \u0219i prin evenimentele care au marcat aceast\u0103 zon\u0103. Legendele populare \u0219i pove\u0219tile istorice au transformat aceast\u0103 zon\u0103 \u00eentr-un adev\u0103rat sanctuar al miturilor despre \u201eDracula\u201d, f\u0103c\u00e2nd din Arge\u0219 un loc esen\u021bial pentru \u00een\u021belegerea trecutului medieval al Rom\u00e2niei.<\/p>\n<h2>Cetatea Poienari, adev\u0103rata cetate a lui Vlad \u021aepe\u0219<\/h2>\n<p>La 22 de km fa\u021b\u0103 de <a href=\"https:\/\/pensiunea-ruxi.ro\/en\/\">pensiunea Ruxi <\/a>din Curtea de Arge\u0219 se afl\u0103 cetatea Poienari, una dintre cele mai fascinante fortifica\u021bii medievale din Rom\u00e2nia, str\u00e2ns legat\u0103 de legenda lui Vlad \u021aepe\u0219. Situat\u0103 pe un v\u00e2rf de munte, \u00een jude\u021bul Arge\u0219, la o altitudine de aproximativ 1.000 de metri, cetatea a fost construit\u0103 \u00een perioada medieval\u0103 \u0219i a jucat un rol esen\u021bial \u00een ap\u0103rarea \u021a\u0103rii Rom\u00e2ne\u0219ti \u00eempotriva invaziilor str\u0103ine, mai ales a celor otomane. Fortifica\u021bia este cunoscut\u0103 ca fiind \u201ecastelul adev\u0103rat al lui Dracula\u201d, deoarece aici se presupune c\u0103 Vlad \u021aepe\u0219 \u00ee\u0219i desf\u0103\u0219ura activit\u0103\u021bile de ap\u0103rare, \u00eenfrunt\u00e2nd pericolele din exterior \u0219i p\u0103str\u00e2ndu-\u0219i puterea \u00een fa\u021ba invadatorilor.<\/p>\n<p>Cetatea Poienari a fost ridicat\u0103 pe v\u00e2rful unui munte st\u00e2ncos, cu o loca\u021bie strategic\u0103 ce oferea o panoram\u0103 larg\u0103 asupra regiunii \u0219i le permitea astfel ap\u0103r\u0103torilor s\u0103 observe \u0219i s\u0103 apere fortifica\u021bia de orice amenin\u021bare. De-a lungul istoriei, cetatea a fost martora multor lupte \u0219i evenimente semnificative. \u00cen perioada domniei lui Vlad \u021aepe\u0219, cetatea a servit drept refugiu \u0219i punct de ap\u0103rare, fiind \u00een acela\u0219i timp \u0219i un simbol al autorit\u0103\u021bii sale absolute asupra teritoriului.<\/p>\n<p>Cetatea Poenari este \u0219i un loc \u00eenc\u0103rcat de pove\u0219ti fascinante \u0219i legende care dau fiori \u0219i st\u00e2rnesc curiozitatea oric\u0103rui vizitator. De\u0219i multe dintre ele nu sunt confirmate istoric, ele fac parte din farmecul \u0219i misterul acestui loc. Iat\u0103 c\u00e2teva dintre cele mai cunoscute:<\/p>\n<ul>\n<li><strong>Boierii pu\u0219i la munc\u0103 de Vlad \u021aepe\u0219. <\/strong>Una dintre cele mai cunoscute legende spune c\u0103, dup\u0103 ce boierii din T\u00e2rgovi\u0219te l-au tr\u0103dat pe Vlad \u021aepe\u0219, acesta a decis s\u0103 se r\u0103zbune \u00eentr-un mod neobi\u0219nuit. I-a for\u021bat s\u0103 urce muntele p\u00e2n\u0103 la cetatea ruinat\u0103 Poenari \u0219i i-a pus s\u0103 o reconstruiasc\u0103 cu m\u00e2inile lor. Drumul dificil \u0219i munca grea i-au epuizat pe mul\u021bi, iar legenda spune c\u0103 mul\u021bi dintre ei \u0219i-au g\u0103sit sf\u00e2r\u0219itul acolo. Aceast\u0103 poveste reflect\u0103 stilul dur al lui Vlad \u021aepe\u0219 \u0219i dorin\u021ba lui de a impune ordine \u0219i disciplin\u0103.<\/li>\n<li><strong>Tunelul secret \u0219i fuga spectaculoas\u0103<\/strong>. O alt\u0103 poveste captivant\u0103 spune c\u0103, \u00een timpul unui atac otoman, Vlad \u021aepe\u0219 ar fi reu\u0219it s\u0103 scape din cetate printr-un tunel secret ascuns \u00een munte. Acest pasaj ar fi dus \u00eentr-un loc sigur, permi\u021b\u00e2ndu-i domnitorului s\u0103 fug\u0103 \u0219i s\u0103 \u00ee\u0219i salveze via\u021b De\u0219i nu exist\u0103 dovezi clare c\u0103 acest tunel ar fi existat, legenda a fost transmis\u0103 din genera\u021bie \u00een genera\u021bie \u0219i adaug\u0103 un aer de aventur\u0103 locului.<\/li>\n<li><strong>\u021aepu\u0219ele din jurul cet\u0103\u021bii.<\/strong> Cunoscut pentru metodele sale dure de pedeaps\u0103, Vlad \u021aepe\u0219 este adesea asociat cu imaginea \u021bepei, o metod\u0103 de execu\u021bie care i-a adus \u0219i porecla. Legenda spune c\u0103 \u00een jurul cet\u0103\u021bii Poenari ar fi existat c\u00e2ndva sute de \u021bepe pe care erau tra\u0219i du\u0219manii domnitorului. De\u0219i aceast\u0103 imagine este mai mult simbolic\u0103 dec\u00e2t real\u0103, ea contribuie la reputa\u021bia cet\u0103\u021bii ca un loc al justi\u021biei aspre \u0219i al puterii ne\u00eenfricate a domnitorului.<\/li>\n<\/ul>\n<h3>Cum ajungi la cetatea Poenari (informa\u021bii practice, traseu, accesibilitate)<\/h3>\n<p>Cetatea Poienari se afl\u0103 la aproximativ 25 de kilometri de Curtea de Arge\u0219 \u0219i la 22 km fa\u021b\u0103 de Pensiunea Ruxi, \u00eentr-o zon\u0103 montan\u0103 spectaculoas\u0103, accesibil\u0103 printr-un drum care duce la localitatea Arefu. Drumul p\u00e2n\u0103 la Arefu este bine \u00eentre\u021binut \u0219i se poate parcurge cu ma\u0219ina, \u00eens\u0103 accesul la cetate nu este deloc simplu.<\/p>\n<p>Traseul p\u00e2n\u0103 la Cetatea Poienari presupune urcarea a 1.480 de trepte de lemn, amenajate special pentru a facilita accesul vizitatorilor. Aceste trepte sunt o adev\u0103rat\u0103 provocare fizic\u0103, dar efortul depus este r\u0103spl\u0103tit cu peisaje uimitoare \u0219i o panoram\u0103 spectaculoas\u0103 asupra regiunii Arge\u0219ului \u0219i Mun\u021bilor F\u0103g\u0103ra\u0219. Pe traseu, vei avea parte de mai multe puncte de odihn\u0103 unde te po\u021bi relaxa c\u00e2teva minute \u00eenainte de a continua urcarea.<\/p>\n<p>\u00cenceputul traseului este semnalizat corespunz\u0103tor, iar pe parcursul urc\u0103rii sunt amplasate pl\u0103cu\u021be informative care ofer\u0103 detalii istorice \u0219i legende locale, ad\u0103ug\u00e2nd un element educativ \u0219i cultural experien\u021bei. Drumul este u\u0219or accesibil pe parcursul \u00eentregului an, \u00eens\u0103 iarna poate deveni mai dificil din cauza condi\u021biilor meteorologice, mai ales pe pantele abrupte. De aceea, este recomandat ca vizitatorii s\u0103 fie preg\u0103ti\u021bi cu echipament adecvat, mai ales \u00een sezonul rece. La poalele muntelui se afl\u0103 un mic parc de parcare unde vizitatorii \u00ee\u0219i pot l\u0103sa ma\u0219inile.<\/p>\n<h3>Ce vezi \u0219i ce po\u021bi face la cetatea Poenari<\/h3>\n<p>Odat\u0103 ajuns \u00een v\u00e2rful muntelui, vei descoperi ruinele impresionante ale cet\u0103\u021bii care\u00a0 r\u0103m\u00e2n un simbol puternic al trecutului medieval al \u021a\u0103rii Rom\u00e2ne\u0219ti.\u00a0 De\u0219i par\u021bial \u00een ruin\u0103, cetatea p\u0103streaz\u0103 o parte din zidurile \u0219i turnurile de ap\u0103rare, oferind o imagine clar\u0103 asupra arhitecturii medievale defensive. Vizitatorii pot explora pasaje \u00eenguste, resturi de turnuri \u0219i platforme de observa\u021bie, care redau atmosfera de veche fort\u0103rea\u021b\u0103.<\/p>\n<p>De sus, priveli\u0219tea asupra mun\u021bilor \u0219i v\u0103ilor este spectaculoas\u0103, iar fiecare col\u021b al cet\u0103\u021bii te poart\u0103 cu g\u00e2ndul \u00eenapoi \u00een timp, \u00een epoca domnitorului care a marcat istoria \u021a\u0103rii Rom\u00e2ne\u0219ti.<\/p>\n<p>Pentru iubitorii de fotografie, cetatea Poienari este un loc ideal pentru a captura imagini deosebite ale peisajului montan \u0219i ale regiunii Arge\u0219, dar \u0219i ale cet\u0103\u021bii \u00een sine, cu zidurile sale din piatr\u0103 \u0219i turnurile de observa\u021bie care se ridic\u0103 spre cer. Atmosfera de mister \u0219i izolare adaug\u0103 o dimensiune aparte experien\u021bei.<\/p>\n<p>\ud83d\uddd3\ufe0f<strong> Program de vizitare<\/strong>:<\/p>\n<p><strong>Zilnic<\/strong>: 10:00 \u2013 18:00<\/p>\n<p><strong>Ultima urcare: <\/strong>17:00<\/p>\n<p>\ud83d\udccd <strong>Adres\u0103<\/strong>: Comuna Arefu, jude\u021bul Arge\u0219, DN7C (Transf\u0103g\u0103r\u0103\u0219an), la aproximativ 4 km de Barajul Vidraru<\/p>\n<h2><strong>Castelul Dracula din Arefu, un obiectiv turistic pentru vis\u0103<\/strong><strong>tori, pasiona<\/strong><strong>\u021bi de mister \u0219i istorie<\/strong><\/h2>\n<p>Castelul Dracula din Arefu nu este un castel medieval autentic, ci o atrac\u021bie turistic\u0103 modern\u0103 inspirat\u0103 din legenda lui Vlad \u021aepe\u0219 \u0219i mitologia \u201eDracula\u201d. Ridicat \u00een anii \u201990 \u00eentr-un decor natural spectaculos, acest castel reu\u0219e\u0219te s\u0103 creeze o atmosfer\u0103 gotic\u0103 \u0219i misterioas\u0103, care atrage anual mii de turi\u0219ti din Rom\u00e2nia \u0219i din str\u0103in\u0103tate. Este locul ideal pentru cei care doresc s\u0103 p\u0103trund\u0103 \u00een lumea pove\u0219tilor \u00eentunecate, dar \u0219i pentru cei care vor s\u0103 exploreze un col\u021b de Arge\u0219 unde mitul prinde contur.<\/p>\n<p>De\u0219i nu are leg\u0103turi directe cu faptele istorice ale lui Vlad \u021aepe\u0219, castelul este o experien\u021b\u0103 turistic\u0103 creativ\u0103, dedicat\u0103 \u00een special celor pasiona\u021bi de legende, fantezie \u0219i istorie reinterpretat\u0103. Cu turnuri impun\u0103toare, coridoare \u00eentunecate \u0219i decoruri tematice, castelul te face s\u0103 te sim\u021bi ca \u00eentr-un film, fiind o destina\u021bie perfect\u0103 pentru cupluri romantice, iubitori de literatur\u0103 gotic\u0103 sau fani ai pove\u0219tilor cu vampiri.<\/p>\n<p>Pe l\u00e2ng\u0103 expozi\u021biile tematice dedicate mitului lui Dracula, aici ai parte \u0219i de tururi ghidate, evenimente speciale, activit\u0103\u021bi pentru \u00eentreaga familie \u0219i chiar un mic magazin de suveniruri gotice. \u00cen sezonul estival \u0219i \u00een jurul Halloween-ului, Castelul Dracula devine gazda unor festivaluri \u0219i seri de poveste, cu actori costuma\u021bi, decoruri spectaculoase \u0219i activit\u0103\u021bi interactive care aduc mitul mai aproape de realitate.<\/p>\n<p>Castelul Dracula din Arefu este, \u00een primul r\u00e2nd, un loc de distrac\u021bie \u0219i fascina\u021bie pentru mitul vampirului lui Bram Stoker. Este perfect pentru cei care vor s\u0103 tr\u0103iasc\u0103 o experien\u021b\u0103 turistic\u0103 inedit\u0103, s\u0103 ias\u0103 din cotidian \u0219i s\u0103 se lase purta\u021bi \u00eentr-un univers unde romantismul, istoria \u0219i mitologia se \u00eempletesc.<\/p>\n<h3>Facilit\u0103\u021bi \u0219i activit\u0103\u021bi pentru vizitatori<\/h3>\n<p>\u2705<strong>Tururi ghidate<\/strong>. Castelul Dracula din Arefu ofer\u0103 tururi ghidate, esen\u021biale pentru o \u00een\u021belegere aprofundat\u0103 a legendei \u201eDracula\u201d \u0219i a contextului istoric al lui Vlad \u021aepe\u0219. Vizitatorii pot explora castelul \u00eenso\u021bi\u021bi de ghizi locali care vor povesti despre istoria real\u0103 a lui Vlad \u021aepe\u0219, despre influen\u021ba sa asupra regiunii Arge\u0219 \u0219i despre leg\u0103turile dintre domnitor \u0219i legenda \u201eDracula\u201d. Turul include detalii fascinante \u0219i despre miturile care au contribuit la crearea imaginii lui Dracula.<\/p>\n<p>\u2705<strong>Expozi\u021bii tematice<\/strong>. La interior, Castelul Dracula g\u0103zduie\u0219te expozi\u021bii care exploreaz\u0103 mitologia legat\u0103 de Dracula \u0219i istoria medieval\u0103 a \u021a\u0103rii Rom\u00e2ne\u0219ti. Vizitatorii pot \u00eenv\u0103\u021ba despre originile legendelor \u201eDracula\u201d, despre via\u021ba lui Vlad \u021aepe\u0219 \u0219i despre influen\u021ba acestora asupra culturii populare. Expozi\u021biile includ arme medievale, reproduceri de obiecte istorice \u0219i articole care ilustreaz\u0103 atmosfera gotic\u0103 specific\u0103 pove\u0219tilor despre vampiri. Piese de artizanat \u0219i obiecte ce reflect\u0103 tradi\u021biile regiunii Arge\u0219 sunt, de asemenea, expuse, oferind o perspectiv\u0103 asupra vie\u021bii \u0219i obiceiurilor din perioada medieval\u0103.<\/p>\n<p>\u2705<strong>Evenimente tematice<\/strong>. Castelul g\u0103zduie\u0219te evenimente tematice periodice, cum ar fi festivaluri de Halloween, nop\u021bi de poveste sau evenimente culturale inspirate de mitologia \u201eDracula\u201d. Aceste evenimente sunt o oportunitate de a experimenta atmosfera castelului \u00eentr-un mod inedit, cu scenarii interactive, jocuri de rol \u0219i spectacole care aduc la via\u021b\u0103 legendele despre Dracula. Participan\u021bii pot lua parte la sesiuni de pove\u0219ti gotice, \u00een care se recreeaz\u0103 atmosfera \u00eentunecat\u0103 medieval\u0103, completat\u0103 de activit\u0103\u021bi care implic\u0103 mituri \u0219i tradi\u021bii rom\u00e2ne\u0219ti.<\/p>\n<p>\u2705<strong>Fotografii \u0219i plimb\u0103ri \u00een jurul castelului<\/strong>. Castelul Dracula se afl\u0103 \u00eentr-o loca\u021bie superb\u0103, \u00een mijlocul naturii, \u00eenconjurat de peisaje montane impresionante. Vizitatorii pot explora \u00eemprejurimile castelului pe jos, bucur\u00e2ndu-se de priveli\u0219tile deosebite ale Mun\u021bilor F\u0103g\u0103ra\u0219 \u0219i ale v\u0103ii Arge\u0219ului. Zona din jurul castelului este ideal\u0103 pentru drume\u021bii u\u0219oare \u0219i plimb\u0103ri relaxante \u00een natur\u0103.<\/p>\n<p>\u2705<strong>Suveniruri \u0219i magazin tematic<\/strong>. La Castelul Dracula din Arefu, vizitatorii pot achizi\u021biona suveniruri tematice, precum obiecte de artizanat inspirate din mitologia \u201eDracula\u201d, icoane, c\u0103r\u021bi, afi\u0219e \u0219i obiecte decorativ-gotice. Magazinul de suveniruri este ideal pentru cei care doresc s\u0103 \u00ee\u0219i aduc\u0103 acas\u0103 o amintire din aceast\u0103 experien\u021b\u0103 unic\u0103, iar produsele disponibile reflect\u0103 at\u00e2t legendele despre \u201eDracula\u201d, c\u00e2t \u0219i cultura local\u0103.<\/p>\n<p>\u2705<strong>Restaurant \u0219i zona de relaxare<\/strong>. Castelul Dracula ofer\u0103 un restaurant unde vizitatorii se pot bucura de preparate tradi\u021bionale din Arge\u0219, dar \u0219i de b\u0103uturi inspirate din legenda \u201eDracula\u201d. Acesta este locul ideal pentru a te relaxa dup\u0103 o zi de explorare a castelului \u0219i a \u00eemprejurimilor. Restaurantul este decorat \u00eentr-un stil gotic, cu elemente care completeaz\u0103 atmosfera misterioas\u0103 a castelului.<\/p>\n<p>\ud83d\uddd3\ufe0f <strong>Program de vizitare<\/strong>: zilnic, 09:00 \u2013 18:00 (vara); 09:00 \u2013 17:00 (iarna)<br \/>\n\ud83d\udccc<strong>Adres\u0103<\/strong>: Arefu, jude\u021bul Arge\u0219<\/p>\n<h2><strong>Alte obiective turistice \u0219i pove\u0219ti din zon\u0103 legate de Vlad \u021aepe\u0219<\/strong><\/h2>\n<h3><strong>M\u0103n\u0103stirea Curtea de Arge\u0219<\/strong><\/h3>\n<p>De\u0219i ctitorul oficial al M\u0103n\u0103stirii Curtea de Arge\u0219 este Neagoe Basarab, \u00een folclorul local apar pove\u0219ti care \u00eel leag\u0103 indirect \u0219i pe Vlad \u021aepe\u0219 de acest loc. Se spune c\u0103, fiind un mare ap\u0103r\u0103tor al ortodoxiei, Vlad ar fi sprijinit construc\u021bia de l\u0103ca\u0219uri de cult \u0219i ar fi protejat aceast\u0103 m\u0103n\u0103stire de invadatori. Legenda Me\u0219terului Manole, care \u00ee\u0219i zide\u0219te so\u021bia Ana \u00een pere\u021bii m\u0103n\u0103stirii pentru a asigura durabilitatea cl\u0103dirii, este una dintre cele mai cunoscute pove\u0219ti din cultura popular\u0103 rom\u00e2neasc\u0103, iar mul\u021bi vizitatori o asociaz\u0103 cu stilul de domnie dur al lui \u021aepe\u0219.<\/p>\n<h3><strong>M\u0103n\u0103stirea Robaia \u0219i lini\u0219tea spiritual\u0103<\/strong><\/h3>\n<p>Aflat \u00eentr-un peisaj retras \u0219i lini\u0219tit, Schitul Robaia, aflat la 17 km de Curtea de Arge\u0219, este considerat de localnici un loc ocrotit de domnitorul Vlad \u021aepe\u0219. Chiar dac\u0103 nu exist\u0103 dovezi concrete ale prezen\u021bei sale aici, tradi\u021biile din zon\u0103 amintesc de un domnitor sever, dar drept, care a sprijinit monahismul \u0219i credin\u021ba. M\u0103n\u0103stirea r\u0103m\u00e2ne un punct de atrac\u021bie pentru cei care caut\u0103 spiritualitate, dar \u0219i o leg\u0103tur\u0103 tainic\u0103 cu vremurile de demult.<\/p>\n<h3><strong>Corbii de Piatr\u0103, credin\u021b\u0103 s\u0103pat\u0103 \u00een st\u00e2nc\u0103<\/strong><\/h3>\n<p>Un loc cu o energie aparte, M\u0103n\u0103stirea Corbii de Piatr\u0103 este cea mai veche biseric\u0103 rupestr\u0103 din Rom\u00e2nia. De\u0219i nu are o leg\u0103tur\u0103 direct\u0103 cu Vlad \u021aepe\u0219, legenda spune c\u0103 domnitorul ar fi vizitat acest loc \u00een timpul campaniilor sale, c\u0103ut\u00e2nd protec\u021bie spiritual\u0103 \u0219i inspira\u021bie.<\/p>\n<h3><strong>Turnul Chindiei \u0219i Curtea Domneasc\u0103 din T\u00e2rgovi\u0219te<\/strong><\/h3>\n<p>La aproximativ 116 km de Curtea de Arge\u0219, \u00een T\u00e2rgovi\u0219te, fosta capital\u0103 a \u021a\u0103rii Rom\u00e2ne\u0219ti, se afl\u0103 Turnul Chindiei, una dintre cele mai emblematice construc\u021bii legate de Vlad \u021aepe\u0219. Aici se spune c\u0103 domnitorul \u0219i-ar fi avut re\u0219edin\u021ba temporar\u0103 \u0219i de unde \u00ee\u0219i supraveghea ora\u0219ul \u0219i armata. Tot aici, la Curtea Domneasc\u0103, au fost luate multe dintre deciziile politice \u0219i militare cruciale pentru epoca medieval\u0103. Legenda spune c\u0103 \u00een aceast\u0103 curte, Vlad \u021aepe\u0219 ar fi aplicat celebrul s\u0103u cod de justi\u021bie, dur, dar eficient.<\/p>\n<h3><strong>Muzeul de Istorie din T\u00e2rgovi\u0219te, pe urmele voievodului-legend\u0103<\/strong><\/h3>\n<p>Dac\u0103 vrei s\u0103 \u00een\u021belegi mai bine via\u021ba \u0219i epoca lui Vlad \u021aepe\u0219, Muzeul de Istorie din T\u00e2rgovi\u0219te este locul ideal. Aflat \u00een fostul centru al domniei sale, acest muzeu nu este doar un spa\u021biu de expunere, ci un adev\u0103rat portal spre secolul al XV-lea, epoca b\u0103t\u0103liilor cu otomanii, a domniilor tulburi \u0219i a legilor stricte impuse de \u021aepe\u0219.<\/p>\n<p>Legenda spune c\u0103 Vlad \u021aepe\u0219 ar fi condus multe dintre deciziile sale politice \u0219i militare chiar din aceast\u0103 zon\u0103, iar unele pove\u0219ti populare afirm\u0103 c\u0103 \u00ee\u0219i supraveghea ora\u0219ul de sus, din Turnul Chindiei, pedepsindu-i f\u0103r\u0103 mil\u0103 pe cei care \u00eenc\u0103lcau legea. Expozi\u021biile muzeului includ arme medievale, h\u0103r\u021bi, documente rare \u0219i elemente care ilustreaz\u0103 at\u00e2t realitatea dur\u0103 a vremurilor, c\u00e2t \u0219i imaginea legendar\u0103 a voievodului care a devenit, mai t\u00e2rziu, sursa de inspira\u021bie pentru mitul \u201eDracula\u201d.<\/p>\n<h3><strong>M\u0103n\u0103stirea Dealu, locul unde legenda lui Vlad \u021aepe\u0219 <\/strong><strong>prinde r<\/strong><strong>\u0103d\u0103<\/strong><strong>cini<\/strong><\/h3>\n<p>Aflat la doar 6 kilometri de T\u00e2rgovi\u0219te, M\u0103n\u0103stirea Dealu este un loc de o \u00eensemn\u0103tate aparte, unde istoria \u0219i legenda se \u00eentrep\u0103trund \u00een mod misterios. De\u0219i nu exist\u0103 dovezi istorice certe c\u0103 Vlad \u021aepe\u0219 este \u00eenmorm\u00e2ntat aici, tradi\u021bia local\u0103 \u0219i numeroase pove\u0219ti transmise din genera\u021bie \u00een genera\u021bie sus\u021bin c\u0103 acest loc ar ad\u0103posti r\u0103m\u0103\u0219i\u021bele domnitorului, sau cel pu\u021bin capul s\u0103u, adus de turci dup\u0103 moartea sa. Asemenea relat\u0103ri, de\u0219i neconfirmate oficial, au transformat M\u0103n\u0103stirea Dealu \u00eentr-un punct de atrac\u021bie pentru cei care caut\u0103 s\u0103 se apropie de mitul lui \u021aepe\u0219. Aceast\u0103 legend\u0103, la fel ca multe altele legate de domnitor, contribuie la aura de mister \u0219i for\u021b\u0103 care planeaz\u0103 asupra acestui l\u0103ca\u0219 de cult.<\/p>\n<p>Nu e de mirare c\u0103 vizitatorii simt, odat\u0103 ajun\u0219i aici, c\u0103 p\u0103\u0219esc \u00eentr-un loc cu profunde r\u0103d\u0103cini istorice. M\u0103n\u0103stirea Dealu a fost ridicat\u0103 \u00een jurul anului 1499 de voievodul Radu cel Mare, fiind un important centru religios \u0219i cultural al epocii. Aici se afl\u0103, \u00eentr-adev\u0103r, capul lui Mihai Viteazul, adus \u0219i \u00eengropat cu onoruri dup\u0103 ce a fost ucis pe c\u00e2mpul de lupt\u0103 \u00een 1601.<\/p>\n<h2>De ce merit\u0103 s\u0103 vizitezi locurile istorice din Arge\u0219<\/h2>\n<p>Arge\u0219ul este un jude\u021b care p\u0103streaz\u0103 o bog\u0103\u021bie de locuri istorice \u0219i culturale, fiecare cu povestea sa unic\u0103, care te invit\u0103 s\u0103 descoperi nu doar trecutul acestei regiuni, ci \u0219i leg\u0103turile sale profunde cu istoria Rom\u00e2niei. Vizitarea locurilor istorice din Arge\u0219 nu este doar o incursiune \u00een trecut, ci \u0219i o oportunitate de a te conecta cu legendele \u0219i tradi\u021biile care au modelat aceast\u0103 regiune.<\/p>\n<p>De la m\u0103n\u0103stiri \u0219i biserici legendare, la castele \u0219i fort\u0103re\u021be medievale, fiecare loc din Arge\u0219 te poart\u0103 \u00eentr-o c\u0103l\u0103torie fascinant\u0103, \u00een care istoria, religia \u0219i natura se \u00eembin\u0103 \u00eentr-un mod unic. Iat\u0103 c\u00e2teva motive pentru care Arge\u0219ul merit\u0103 s\u0103 fie pe lista oric\u0103rui pasionat de istorie \u0219i tradi\u021bii.<\/p>\n<h3>\u2705M\u0103n\u0103stirile \u0219i l\u0103ca\u0219urile de cult<\/h3>\n<p>Arge\u0219ul este renumit pentru m\u0103n\u0103stirile sale impresionante, multe dintre ele av\u00e2nd o valoare istoric\u0103 \u0219i cultural\u0103 inestimabil\u0103. M\u0103n\u0103stirea Curtea de Arge\u0219, de exemplu, este un loc emblematic al regiunii, nu doar datorit\u0103 frumuse\u021bii sale arhitecturale, ci \u0219i a legendei care o \u00eenconjoar\u0103. Construit\u0103 \u00een secolul al XIV-lea, de c\u0103tre Neagoe Basarab, m\u0103n\u0103stirea este cunoscut\u0103 \u00een folclorul rom\u00e2nesc pentru povestea Me\u0219terului Manole \u0219i sacrificiul so\u021biei sale, Ana. Pe l\u00e2ng\u0103 M\u0103n\u0103stirea Curtea de Arge\u0219, alte locuri sacre, precum M\u0103n\u0103stirea Robaia \u0219i M\u0103n\u0103stirea N\u0103m\u0103ie\u0219ti, sunt <a href=\"https:\/\/pensiunea-ruxi.ro\/en\/pelerin-in-curtea-de-arges-de-la-manastirea-regala-la-biserici-si-schituri-mai-putin-stiute\/\"><strong>locuri de pelerinaj<\/strong><\/a>\u00a0care p\u0103streaz\u0103 \u00een sine nu doar istorie, dar \u0219i tradi\u021bii religioase ad\u00e2nc \u00eenr\u0103d\u0103cinate \u00een cultura local\u0103.<\/p>\n<h3>\u2705Leg\u0103tura cu Vlad \u021aepe\u0219 &#8211; un voievod legend\u0103<\/h3>\n<p>Arge\u0219ul este, f\u0103r\u0103 \u00eendoial\u0103, str\u00e2ns legat de legenda lui Vlad \u021aepe\u0219, un voievod cunoscut \u00een \u00eentreaga lume datorit\u0103 lui Bram Stoker \u0219i zecilor de filme de la Hollywood. Cetatea Poenari, una dintre fortifica\u021biile cele mai importante ale domniei sale, este un loc de vizitat de c\u0103tre to\u021bi cei care doresc s\u0103 \u00een\u021beleag\u0103 mai bine via\u021ba \u0219i conflictele din perioada medieval\u0103 a Rom\u00e2niei.<\/p>\n<h3>\u2705Peisaje montane \u0219i locuri de reculegere<\/h3>\n<p>Pe l\u00e2ng\u0103 importan\u021ba sa istoric\u0103 \u0219i cultural\u0103, Arge\u0219ul ofer\u0103 \u0219i un peisaj natural deosebit, cu Mun\u021bii F\u0103g\u0103ra\u0219 \u0219i numeroasele sale zone montane, p\u0103duri \u0219i lacuri. Aceste locuri sunt ideale pentru cei care doresc s\u0103 combine turismul istoric cu momente de relaxare \u0219i reculegere \u00een natur\u0103. Zona Cheile D\u00e2mbovi\u021bei sau Valea Danului sunt doar c\u00e2teva dintre locurile care te vor impresiona prin frumuse\u021bea lor s\u0103lbatic\u0103.<\/p>\n<h3>\u2705Fort\u0103re\u021bele medievale<\/h3>\n<p>Arge\u0219ul este plin de fort\u0103re\u021be medievale \u0219i castele care au jucat un rol esen\u021bial \u00een ap\u0103rarea regiunii \u00een fa\u021ba invaziilor str\u0103ine. Castelul Poenari, cetatea fortificat\u0103 de Vlad \u021aepe\u0219, este cel mai cunoscut dintre acestea, dar zona mai ad\u0103poste\u0219te \u0219i alte forturi \u0219i cet\u0103\u021bi care au fost martore ale unor b\u0103t\u0103lii istorice. Aceste fortifica\u021bii au fost esen\u021biale \u00een ap\u0103rarea regiunii Arge\u0219 \u00eempotriva invaziilor otomane \u0219i a altor du\u0219mani ai \u021a\u0103rii Rom\u00e2ne\u0219ti. Vizitarea acestor locuri ofer\u0103 o perspectiv\u0103 unic\u0103 asupra strategiei \u0219i istoriei militare a perioadei medievale din Rom\u00e2nia.<\/p>\n<h3>\u2705<strong>Tradi\u021bii \u0219i me\u0219te\u0219uguri autentice<\/strong><\/h3>\n<p>\u00cen Arge\u0219, istoria \u0219i tradi\u021biile sunt p\u0103strate cu grij\u0103 de localnici, care continu\u0103 s\u0103 practice me\u0219te\u0219uguri tradi\u021bionale, cum ar fi ol\u0103ritul, \u021besutul \u0219i prelucrarea lemnului. Aceste me\u0219te\u0219uguri nu sunt doar o form\u0103 de artizanat, ci o mo\u0219tenire vie care reflect\u0103 via\u021ba cotidian\u0103 din trecut. Vizitatorii pot \u00eenv\u0103\u021ba despre aceste tradi\u021bii \u0219i chiar pot participa la atelierele de ol\u0103rit sau \u021besut, unde pot \u00eenv\u0103\u021ba tehnici tradi\u021bionale de produc\u021bie a obiectelor de uz casnic sau decorative. Produsele locale, cum ar fi icoanele pe sticl\u0103, \u021bes\u0103turile \u0219i vasele care ies din m\u00e2inile me\u0219terilor olari reprezint\u0103 suveniruri autentice, care poart\u0103 cu ele istoria \u0219i me\u0219te\u0219ugurile Arge\u0219ului.<\/p>\n<h3>\u2705Cazare flexibil\u0103, la pre\u021buri avantajoase<\/h3>\n<p>Jude\u021bul Arge\u0219 ofer\u0103 op\u021biuni de <a href=\"https:\/\/pensiunea-ruxi.ro\/en\/camere\/\">cazare<\/a> variate \u0219i accesibile. De la <a href=\"https:\/\/pensiunea-ruxi.ro\/en\/despre-noi\/\">pensiuni primitoare<\/a>, p\u00e2n\u0103 la vile moderne sau hoteluri cochete, vei g\u0103si cu u\u0219urin\u021b\u0103 locul potrivit pentru tine. Caz\u0103rile din zon\u0103 r\u0103spund tuturor nevoilor din punct de vedere confort, accesibilitate, facilit\u0103\u021bi moderne \u0219i te bucuri de <a href=\"https:\/\/pensiunea-ruxi.ro\/en\/tarife\/\">pre\u021buri prietenoase<\/a> cu orice buget.<\/p>\n<p>Dup\u0103 o zi petrecut\u0103 explor\u00e2nd misterioasele pove\u0219ti ale lui Vlad \u021aepe\u0219, de la urcarea celor 1.480 de trepte c\u0103tre Cetatea Poenari p\u00e2n\u0103 la descoperirea legendelor din Castelul Dracula, ai nevoie de un loc primitor \u0219i confortabil pentru odihn\u0103. Ca afacere de familie adev\u0103rat\u0103, la pensiunea Ruxi punem suflet \u00een fiecare aspect al pensiunii, de la cur\u0103\u021benie p\u00e2n\u0103 la comunicarea cu oaspe\u021bii no\u0219tri. Pentru noi, Pensiunea Ruxi nu este doar o afacere, ci o extensie a casei noastre, unde primim oaspe\u021bii cu aceea\u0219i c\u0103ldur\u0103 cu care ne-am primi prietenii \u0219i familia.<\/p>\n<p>Misiunea noastr\u0103 este s\u0103 te ajut\u0103m s\u0103 te sim\u021bi mereu ca acas\u0103. \u0218tim c\u0103 o cazare bun\u0103 este parte din experien\u021ba c\u0103l\u0103toriei, indiferent de scopul acesteia, \u0219i ne str\u0103duim \u00een continuu s\u0103 facem sejurul t\u0103u c\u00e2t mai pl\u0103cut cu putin\u021b\u0103, prin servicii de calitate, prin grij\u0103 \u0219i aten\u021bie la detalii.<\/p>\n<p>C\u00e2nd \u00ee\u021bi dore\u0219ti o cazare \u00een Curtea de Arge\u0219 cu adev\u0103rat special\u0103, util\u0103, pl\u0103cut\u0103 \u0219i primitoare, la un pre\u021b mai mult dec\u00e2t atractiv, pentru a explora fascinanta lume a lui Vlad \u021aepe\u0219, Pensiunea Ruxi este tot ceea ce ai nevoie!<\/p>\n<p>E\u0219ti gata s\u0103 explorezi legendele lui Vlad \u021aepe\u0219 \u0219i s\u0103 te bucuri de un sejur relaxant \u00een inima Arge\u0219ului? Contacteaz\u0103-ne telefonic la \u260e\ufe0f0727 82 76 75 sau rezerv\u0103-\u021bi camera direct pe site-ul nostru. Nu este necesar\u0103 plata \u00een avans!<\/p>\n<p>&nbsp;<\/p>\n\n<div class=\"wpcf7 no-js\" id=\"wpcf7-f1751-o1\" lang=\"en-US\" dir=\"ltr\" data-wpcf7-id=\"1751\">\n<div class=\"screen-reader-response\"><p role=\"status\" aria-live=\"polite\" aria-atomic=\"true\"><\/p> <ul><\/ul><\/div>\n<form action=\"\/en\/wp-json\/wp\/v2\/posts\/2200#wpcf7-f1751-o1\" method=\"post\" class=\"wpcf7-form init\" aria-label=\"Contact form\" novalidate=\"novalidate\" data-status=\"init\" data-trp-original-action=\"\/en\/wp-json\/wp\/v2\/posts\/2200#wpcf7-f1751-o1\">\n<fieldset class=\"hidden-fields-container\"><input type=\"hidden\" name=\"_wpcf7\" value=\"1751\" \/><input type=\"hidden\" name=\"_wpcf7_version\" value=\"6.1.3\" \/><input type=\"hidden\" name=\"_wpcf7_locale\" value=\"en_US\" \/><input type=\"hidden\" name=\"_wpcf7_unit_tag\" value=\"wpcf7-f1751-o1\" \/><input type=\"hidden\" name=\"_wpcf7_container_post\" value=\"0\" \/><input type=\"hidden\" name=\"_wpcf7_posted_data_hash\" value=\"\" \/><input type=\"hidden\" name=\"_wpcf7_recaptcha_response\" value=\"\" \/>\n<\/fieldset>\n<p><label> Data sosirii<br \/>\n<span class=\"wpcf7-form-control-wrap\" data-name=\"date-4\"><input class=\"wpcf7-form-control wpcf7-date wpcf7-validates-as-required wpcf7-validates-as-date\" aria-required=\"true\" aria-invalid=\"false\" value=\"data-sosirii\" type=\"date\" name=\"date-4\" \/><\/span> <\/label>\n<\/p>\n<p><label> Data plecarii<br \/>\n<span class=\"wpcf7-form-control-wrap\" data-name=\"date-5\"><input class=\"wpcf7-form-control wpcf7-date wpcf7-validates-as-required wpcf7-validates-as-date\" aria-required=\"true\" aria-invalid=\"false\" value=\"data-plecarii\" type=\"date\" name=\"date-5\" \/><\/span> <\/label>\n<\/p>\n<p><label> Nr. persoane<br \/>\n<span class=\"wpcf7-form-control-wrap\" data-name=\"numar-pers\"><input class=\"wpcf7-form-control wpcf7-number wpcf7-validates-as-required wpcf7-validates-as-number\" min=\"1\" max=\"100\" aria-required=\"true\" aria-invalid=\"false\" value=\"\" type=\"number\" name=\"numar-pers\" \/><\/span> <\/label>\n<\/p>\n<p><label> Nume si Prenume<br \/>\n<span class=\"wpcf7-form-control-wrap\" data-name=\"text-nume\"><input size=\"40\" maxlength=\"400\" class=\"wpcf7-form-control wpcf7-text wpcf7-validates-as-required\" aria-required=\"true\" aria-invalid=\"false\" value=\"\" type=\"text\" name=\"text-nume\" \/><\/span> <\/label>\n<\/p>\n<p><label> Telefon<br \/>\n<span class=\"wpcf7-form-control-wrap\" data-name=\"tel-710\"><input size=\"40\" maxlength=\"400\" class=\"wpcf7-form-control wpcf7-tel wpcf7-validates-as-required wpcf7-text wpcf7-validates-as-tel\" aria-required=\"true\" aria-invalid=\"false\" value=\"telefon\" type=\"tel\" name=\"tel-710\" \/><\/span> <\/label>\n<\/p>\n<p><label> Adresa de e-mail<br \/>\n<span class=\"wpcf7-form-control-wrap\" data-name=\"email-587\"><input size=\"40\" maxlength=\"400\" class=\"wpcf7-form-control wpcf7-email wpcf7-validates-as-required wpcf7-text wpcf7-validates-as-email\" aria-required=\"true\" aria-invalid=\"false\" value=\"e-mail\" type=\"email\" name=\"email-587\" \/><\/span> <\/label>\n<\/p>\n<p><label> Mesaj (optional)<br \/>\n<span class=\"wpcf7-form-control-wrap\" data-name=\"textarea-328\"><textarea cols=\"40\" rows=\"10\" maxlength=\"2000\" class=\"wpcf7-form-control wpcf7-textarea\" aria-invalid=\"false\" name=\"textarea-328\">mesaj<\/textarea><\/span> <\/label>\n<\/p>\n<p><input class=\"wpcf7-form-control wpcf7-submit has-spinner\" type=\"submit\" value=\"Send\" \/>\n<\/p><p style=\"display: none !important;\" class=\"akismet-fields-container\" data-prefix=\"_wpcf7_ak_\"><label>&#916;<textarea name=\"_wpcf7_ak_hp_textarea\" cols=\"45\" rows=\"8\" maxlength=\"100\"><\/textarea><\/label><input type=\"hidden\" id=\"ak_js_1\" name=\"_wpcf7_ak_js\" value=\"155\"\/><script>document.getElementById( \"ak_js_1\" ).setAttribute( \"value\", ( new Date() ).getTime() );<\/script><\/p><div class=\"wpcf7-response-output\" aria-hidden=\"true\"><\/div>\n<input type=\"hidden\" name=\"trp-form-language\" value=\"en\"\/><\/form>\n<\/div>","protected":false},"excerpt":{"rendered":"<p>&nbsp; Vlad \u021aepe\u0219 personajul istoric care st\u0103 \u00een spatele personajului fictiv, Dracula, a fost voievod al \u021a\u0103rii Rom\u00e2ne\u0219ti \u00een secolul al XV-lea, remarc\u00e2ndu-se prin cruzimea sa fa\u021b\u0103 de du\u0219manii regatului \u0219i prin metodele sale nemiloase de a men\u021bine ordinea, cea mai celebr\u0103 fiind trasul \u00een \u021beap\u0103. N\u0103scut \u00een 1431 \u00een Transilvania, Vlad a fost fiul [&hellip;]<\/p>","protected":false},"author":4,"featured_media":2201,"comment_status":"open","ping_status":"open","sticky":false,"template":"","format":"standard","meta":{"footnotes":""},"categories":[27],"tags":[],"class_list":["post-2200","post","type-post","status-publish","format-standard","hentry","category-blog"],"yoast_head":"<!-- This site is optimized with the Yoast SEO plugin v25.1 - https:\/\/yoast.com\/wordpress\/plugins\/seo\/ -->\n<title>Pe urmele lui Vlad \u021aepe\u0219 \u00een Arge\u0219&amp;\u00cemprejurimi\ud83d\udc51Pensiunea Ruxi<\/title>\n<meta name=\"description\" content=\"Descoper\u0103 locurile istorice \u0219i legendare legate de Vlad \u021aepe\u0219\u2b55\ufe0fCetatea Poenari\u2b55\ufe0fCastelul Dracula\u2b55\ufe0fM\u0103n\u0103stiri legate de legenda lui \u021aepe\u0219\u2b55\ufe0fCazare Curtea de Arge\u0219\" \/>\n<meta name=\"robots\" content=\"index, follow, max-snippet:-1, max-image-preview:large, max-video-preview:-1\" \/>\n<link rel=\"canonical\" href=\"https:\/\/pensiunea-ruxi.ro\/en\/pe-urmele-lui-vlad-tepes-in-arges-si-imprejurimi\/\" \/>\n<meta property=\"og:locale\" content=\"en_GB\" \/>\n<meta property=\"og:type\" content=\"article\" \/>\n<meta property=\"og:title\" content=\"Pe urmele lui Vlad \u021aepe\u0219 \u00een Arge\u0219&amp;\u00cemprejurimi\ud83d\udc51Pensiunea Ruxi\" \/>\n<meta property=\"og:description\" content=\"Descoper\u0103 locurile istorice \u0219i legendare legate de Vlad \u021aepe\u0219\u2b55\ufe0fCetatea Poenari\u2b55\ufe0fCastelul Dracula\u2b55\ufe0fM\u0103n\u0103stiri legate de legenda lui \u021aepe\u0219\u2b55\ufe0fCazare Curtea de Arge\u0219\" \/>\n<meta property=\"og:url\" content=\"https:\/\/pensiunea-ruxi.ro\/en\/pe-urmele-lui-vlad-tepes-in-arges-si-imprejurimi\/\" \/>\n<meta property=\"og:site_name\" content=\"Pensiunea Ruxi\" \/>\n<meta property=\"article:published_time\" content=\"2025-06-14T18:51:29+00:00\" \/>\n<meta property=\"article:modified_time\" content=\"2025-08-21T20:55:09+00:00\" \/>\n<meta property=\"og:image\" content=\"https:\/\/pensiunea-ruxi.ro\/wp-content\/uploads\/2025\/08\/paul-torres-d-dQYx9u89U-unsplash.jpg\" \/>\n\t<meta property=\"og:image:width\" content=\"1920\" \/>\n\t<meta property=\"og:image:height\" content=\"1536\" \/>\n\t<meta property=\"og:image:type\" content=\"image\/jpeg\" \/>\n<meta name=\"author\" content=\"administrator\" \/>\n<meta name=\"twitter:card\" content=\"summary_large_image\" \/>\n<meta name=\"twitter:label1\" content=\"Written by\" \/>\n\t<meta name=\"twitter:data1\" content=\"administrator\" \/>\n\t<meta name=\"twitter:label2\" content=\"Estimated reading time\" \/>\n\t<meta name=\"twitter:data2\" content=\"18 minutes\" \/>\n<script type=\"application\/ld+json\" class=\"yoast-schema-graph\">{\"@context\":\"https:\/\/schema.org\",\"@graph\":[{\"@type\":\"Article\",\"@id\":\"https:\/\/pensiunea-ruxi.ro\/pe-urmele-lui-vlad-tepes-in-arges-si-imprejurimi\/#article\",\"isPartOf\":{\"@id\":\"https:\/\/pensiunea-ruxi.ro\/pe-urmele-lui-vlad-tepes-in-arges-si-imprejurimi\/\"},\"author\":{\"name\":\"administrator\",\"@id\":\"https:\/\/pensiunea-ruxi.ro\/#\/schema\/person\/f5ec48f3f231639ae67843c22b6ac73c\"},\"headline\":\"Pe urmele lui Vlad \u021aepe\u0219 \u00een Arge\u0219 \u0219i \u00eemprejurimi\",\"datePublished\":\"2025-06-14T18:51:29+00:00\",\"dateModified\":\"2025-08-21T20:55:09+00:00\",\"mainEntityOfPage\":{\"@id\":\"https:\/\/pensiunea-ruxi.ro\/pe-urmele-lui-vlad-tepes-in-arges-si-imprejurimi\/\"},\"wordCount\":3696,\"commentCount\":0,\"publisher\":{\"@id\":\"https:\/\/pensiunea-ruxi.ro\/#organization\"},\"image\":{\"@id\":\"https:\/\/pensiunea-ruxi.ro\/pe-urmele-lui-vlad-tepes-in-arges-si-imprejurimi\/#primaryimage\"},\"thumbnailUrl\":\"https:\/\/pensiunea-ruxi.ro\/wp-content\/uploads\/2025\/08\/paul-torres-d-dQYx9u89U-unsplash.jpg\",\"articleSection\":[\"Blog\"],\"inLanguage\":\"en-GB\",\"potentialAction\":[{\"@type\":\"CommentAction\",\"name\":\"Comment\",\"target\":[\"https:\/\/pensiunea-ruxi.ro\/pe-urmele-lui-vlad-tepes-in-arges-si-imprejurimi\/#respond\"]}]},{\"@type\":\"WebPage\",\"@id\":\"https:\/\/pensiunea-ruxi.ro\/pe-urmele-lui-vlad-tepes-in-arges-si-imprejurimi\/\",\"url\":\"https:\/\/pensiunea-ruxi.ro\/pe-urmele-lui-vlad-tepes-in-arges-si-imprejurimi\/\",\"name\":\"Pe urmele lui Vlad \u021aepe\u0219 \u00een Arge\u0219&\u00cemprejurimi\ud83d\udc51Pensiunea Ruxi\",\"isPartOf\":{\"@id\":\"https:\/\/pensiunea-ruxi.ro\/#website\"},\"primaryImageOfPage\":{\"@id\":\"https:\/\/pensiunea-ruxi.ro\/pe-urmele-lui-vlad-tepes-in-arges-si-imprejurimi\/#primaryimage\"},\"image\":{\"@id\":\"https:\/\/pensiunea-ruxi.ro\/pe-urmele-lui-vlad-tepes-in-arges-si-imprejurimi\/#primaryimage\"},\"thumbnailUrl\":\"https:\/\/pensiunea-ruxi.ro\/wp-content\/uploads\/2025\/08\/paul-torres-d-dQYx9u89U-unsplash.jpg\",\"datePublished\":\"2025-06-14T18:51:29+00:00\",\"dateModified\":\"2025-08-21T20:55:09+00:00\",\"description\":\"Descoper\u0103 locurile istorice \u0219i legendare legate de Vlad \u021aepe\u0219\u2b55\ufe0fCetatea Poenari\u2b55\ufe0fCastelul Dracula\u2b55\ufe0fM\u0103n\u0103stiri legate de legenda lui \u021aepe\u0219\u2b55\ufe0fCazare Curtea de Arge\u0219\",\"breadcrumb\":{\"@id\":\"https:\/\/pensiunea-ruxi.ro\/pe-urmele-lui-vlad-tepes-in-arges-si-imprejurimi\/#breadcrumb\"},\"inLanguage\":\"en-GB\",\"potentialAction\":[{\"@type\":\"ReadAction\",\"target\":[\"https:\/\/pensiunea-ruxi.ro\/pe-urmele-lui-vlad-tepes-in-arges-si-imprejurimi\/\"]}]},{\"@type\":\"ImageObject\",\"inLanguage\":\"en-GB\",\"@id\":\"https:\/\/pensiunea-ruxi.ro\/pe-urmele-lui-vlad-tepes-in-arges-si-imprejurimi\/#primaryimage\",\"url\":\"https:\/\/pensiunea-ruxi.ro\/wp-content\/uploads\/2025\/08\/paul-torres-d-dQYx9u89U-unsplash.jpg\",\"contentUrl\":\"https:\/\/pensiunea-ruxi.ro\/wp-content\/uploads\/2025\/08\/paul-torres-d-dQYx9u89U-unsplash.jpg\",\"width\":1920,\"height\":1536,\"caption\":\"pe urmele lui Vlad \u021aepe\u0219 \u00een Arge\u0219\"},{\"@type\":\"BreadcrumbList\",\"@id\":\"https:\/\/pensiunea-ruxi.ro\/pe-urmele-lui-vlad-tepes-in-arges-si-imprejurimi\/#breadcrumb\",\"itemListElement\":[{\"@type\":\"ListItem\",\"position\":1,\"name\":\"Prima pagin\u0103\",\"item\":\"https:\/\/pensiunea-ruxi.ro\/\"},{\"@type\":\"ListItem\",\"position\":2,\"name\":\"Pe urmele lui Vlad \u021aepe\u0219 \u00een Arge\u0219 \u0219i \u00eemprejurimi\"}]},{\"@type\":\"WebSite\",\"@id\":\"https:\/\/pensiunea-ruxi.ro\/#website\",\"url\":\"https:\/\/pensiunea-ruxi.ro\/\",\"name\":\"Pensiunea Ruxi\",\"description\":\"Cazare Curtea de Arge\u0219\",\"publisher\":{\"@id\":\"https:\/\/pensiunea-ruxi.ro\/#organization\"},\"potentialAction\":[{\"@type\":\"SearchAction\",\"target\":{\"@type\":\"EntryPoint\",\"urlTemplate\":\"https:\/\/pensiunea-ruxi.ro\/?s={search_term_string}\"},\"query-input\":{\"@type\":\"PropertyValueSpecification\",\"valueRequired\":true,\"valueName\":\"search_term_string\"}}],\"inLanguage\":\"en-GB\"},{\"@type\":\"Organization\",\"@id\":\"https:\/\/pensiunea-ruxi.ro\/#organization\",\"name\":\"Pensiunea Ruxi\",\"alternateName\":\"Pensiunea Ruxi - Curtea de Arges\",\"url\":\"https:\/\/pensiunea-ruxi.ro\/\",\"logo\":{\"@type\":\"ImageObject\",\"inLanguage\":\"en-GB\",\"@id\":\"https:\/\/pensiunea-ruxi.ro\/#\/schema\/logo\/image\/\",\"url\":\"https:\/\/pensiunea-ruxi.ro\/wp-content\/uploads\/2021\/01\/SIGLA-PENSIUNEA-RUXI.jpg\",\"contentUrl\":\"https:\/\/pensiunea-ruxi.ro\/wp-content\/uploads\/2021\/01\/SIGLA-PENSIUNEA-RUXI.jpg\",\"width\":528,\"height\":128,\"caption\":\"Pensiunea Ruxi\"},\"image\":{\"@id\":\"https:\/\/pensiunea-ruxi.ro\/#\/schema\/logo\/image\/\"}},{\"@type\":\"Person\",\"@id\":\"https:\/\/pensiunea-ruxi.ro\/#\/schema\/person\/f5ec48f3f231639ae67843c22b6ac73c\",\"name\":\"administrator\",\"image\":{\"@type\":\"ImageObject\",\"inLanguage\":\"en-GB\",\"@id\":\"https:\/\/pensiunea-ruxi.ro\/#\/schema\/person\/image\/\",\"url\":\"https:\/\/secure.gravatar.com\/avatar\/00982cc76c2c05972b1581b1b1f7a3ceb81e226205f216e6fce34f2b2ca3d769?s=96&d=mm&r=g\",\"contentUrl\":\"https:\/\/secure.gravatar.com\/avatar\/00982cc76c2c05972b1581b1b1f7a3ceb81e226205f216e6fce34f2b2ca3d769?s=96&d=mm&r=g\",\"caption\":\"administrator\"},\"url\":\"https:\/\/pensiunea-ruxi.ro\/en\/author\/administrator\/\"}]}<\/script>\n<!-- \/ Yoast SEO plugin. -->","yoast_head_json":{"title":"Pe urmele lui Vlad \u021aepe\u0219 \u00een Arge\u0219&\u00cemprejurimi\ud83d\udc51Pensiunea Ruxi","description":"Descoper\u0103 locurile istorice \u0219i legendare legate de Vlad \u021aepe\u0219\u2b55\ufe0fCetatea Poenari\u2b55\ufe0fCastelul Dracula\u2b55\ufe0fM\u0103n\u0103stiri legate de legenda lui \u021aepe\u0219\u2b55\ufe0fCazare Curtea de Arge\u0219","robots":{"index":"index","follow":"follow","max-snippet":"max-snippet:-1","max-image-preview":"max-image-preview:large","max-video-preview":"max-video-preview:-1"},"canonical":"https:\/\/pensiunea-ruxi.ro\/en\/pe-urmele-lui-vlad-tepes-in-arges-si-imprejurimi\/","og_locale":"en_GB","og_type":"article","og_title":"Pe urmele lui Vlad \u021aepe\u0219 \u00een Arge\u0219&\u00cemprejurimi\ud83d\udc51Pensiunea Ruxi","og_description":"Descoper\u0103 locurile istorice \u0219i legendare legate de Vlad \u021aepe\u0219\u2b55\ufe0fCetatea Poenari\u2b55\ufe0fCastelul Dracula\u2b55\ufe0fM\u0103n\u0103stiri legate de legenda lui \u021aepe\u0219\u2b55\ufe0fCazare Curtea de Arge\u0219","og_url":"https:\/\/pensiunea-ruxi.ro\/en\/pe-urmele-lui-vlad-tepes-in-arges-si-imprejurimi\/","og_site_name":"Pensiunea Ruxi","article_published_time":"2025-06-14T18:51:29+00:00","article_modified_time":"2025-08-21T20:55:09+00:00","og_image":[{"width":1920,"height":1536,"url":"https:\/\/pensiunea-ruxi.ro\/wp-content\/uploads\/2025\/08\/paul-torres-d-dQYx9u89U-unsplash.jpg","type":"image\/jpeg"}],"author":"administrator","twitter_card":"summary_large_image","twitter_misc":{"Written by":"administrator","Estimated reading time":"18 minutes"},"schema":{"@context":"https:\/\/schema.org","@graph":[{"@type":"Article","@id":"https:\/\/pensiunea-ruxi.ro\/pe-urmele-lui-vlad-tepes-in-arges-si-imprejurimi\/#article","isPartOf":{"@id":"https:\/\/pensiunea-ruxi.ro\/pe-urmele-lui-vlad-tepes-in-arges-si-imprejurimi\/"},"author":{"name":"administrator","@id":"https:\/\/pensiunea-ruxi.ro\/#\/schema\/person\/f5ec48f3f231639ae67843c22b6ac73c"},"headline":"Pe urmele lui Vlad \u021aepe\u0219 \u00een Arge\u0219 \u0219i \u00eemprejurimi","datePublished":"2025-06-14T18:51:29+00:00","dateModified":"2025-08-21T20:55:09+00:00","mainEntityOfPage":{"@id":"https:\/\/pensiunea-ruxi.ro\/pe-urmele-lui-vlad-tepes-in-arges-si-imprejurimi\/"},"wordCount":3696,"commentCount":0,"publisher":{"@id":"https:\/\/pensiunea-ruxi.ro\/#organization"},"image":{"@id":"https:\/\/pensiunea-ruxi.ro\/pe-urmele-lui-vlad-tepes-in-arges-si-imprejurimi\/#primaryimage"},"thumbnailUrl":"https:\/\/pensiunea-ruxi.ro\/wp-content\/uploads\/2025\/08\/paul-torres-d-dQYx9u89U-unsplash.jpg","articleSection":["Blog"],"inLanguage":"en-GB","potentialAction":[{"@type":"CommentAction","name":"Comment","target":["https:\/\/pensiunea-ruxi.ro\/pe-urmele-lui-vlad-tepes-in-arges-si-imprejurimi\/#respond"]}]},{"@type":"WebPage","@id":"https:\/\/pensiunea-ruxi.ro\/pe-urmele-lui-vlad-tepes-in-arges-si-imprejurimi\/","url":"https:\/\/pensiunea-ruxi.ro\/pe-urmele-lui-vlad-tepes-in-arges-si-imprejurimi\/","name":"Pe urmele lui Vlad \u021aepe\u0219 \u00een Arge\u0219&\u00cemprejurimi\ud83d\udc51Pensiunea Ruxi","isPartOf":{"@id":"https:\/\/pensiunea-ruxi.ro\/#website"},"primaryImageOfPage":{"@id":"https:\/\/pensiunea-ruxi.ro\/pe-urmele-lui-vlad-tepes-in-arges-si-imprejurimi\/#primaryimage"},"image":{"@id":"https:\/\/pensiunea-ruxi.ro\/pe-urmele-lui-vlad-tepes-in-arges-si-imprejurimi\/#primaryimage"},"thumbnailUrl":"https:\/\/pensiunea-ruxi.ro\/wp-content\/uploads\/2025\/08\/paul-torres-d-dQYx9u89U-unsplash.jpg","datePublished":"2025-06-14T18:51:29+00:00","dateModified":"2025-08-21T20:55:09+00:00","description":"Descoper\u0103 locurile istorice \u0219i legendare legate de Vlad \u021aepe\u0219\u2b55\ufe0fCetatea Poenari\u2b55\ufe0fCastelul Dracula\u2b55\ufe0fM\u0103n\u0103stiri legate de legenda lui \u021aepe\u0219\u2b55\ufe0fCazare Curtea de Arge\u0219","breadcrumb":{"@id":"https:\/\/pensiunea-ruxi.ro\/pe-urmele-lui-vlad-tepes-in-arges-si-imprejurimi\/#breadcrumb"},"inLanguage":"en-GB","potentialAction":[{"@type":"ReadAction","target":["https:\/\/pensiunea-ruxi.ro\/pe-urmele-lui-vlad-tepes-in-arges-si-imprejurimi\/"]}]},{"@type":"ImageObject","inLanguage":"en-GB","@id":"https:\/\/pensiunea-ruxi.ro\/pe-urmele-lui-vlad-tepes-in-arges-si-imprejurimi\/#primaryimage","url":"https:\/\/pensiunea-ruxi.ro\/wp-content\/uploads\/2025\/08\/paul-torres-d-dQYx9u89U-unsplash.jpg","contentUrl":"https:\/\/pensiunea-ruxi.ro\/wp-content\/uploads\/2025\/08\/paul-torres-d-dQYx9u89U-unsplash.jpg","width":1920,"height":1536,"caption":"pe urmele lui Vlad \u021aepe\u0219 \u00een Arge\u0219"},{"@type":"BreadcrumbList","@id":"https:\/\/pensiunea-ruxi.ro\/pe-urmele-lui-vlad-tepes-in-arges-si-imprejurimi\/#breadcrumb","itemListElement":[{"@type":"ListItem","position":1,"name":"Prima pagin\u0103","item":"https:\/\/pensiunea-ruxi.ro\/"},{"@type":"ListItem","position":2,"name":"Pe urmele lui Vlad \u021aepe\u0219 \u00een Arge\u0219 \u0219i \u00eemprejurimi"}]},{"@type":"WebSite","@id":"https:\/\/pensiunea-ruxi.ro\/#website","url":"https:\/\/pensiunea-ruxi.ro\/","name":"Pensiunea Ruxi","description":"Cazare Curtea de Arge\u0219","publisher":{"@id":"https:\/\/pensiunea-ruxi.ro\/#organization"},"potentialAction":[{"@type":"SearchAction","target":{"@type":"EntryPoint","urlTemplate":"https:\/\/pensiunea-ruxi.ro\/?s={search_term_string}"},"query-input":{"@type":"PropertyValueSpecification","valueRequired":true,"valueName":"search_term_string"}}],"inLanguage":"en-GB"},{"@type":"Organization","@id":"https:\/\/pensiunea-ruxi.ro\/#organization","name":"Pensiunea Ruxi","alternateName":"Pensiunea Ruxi - Curtea de Arges","url":"https:\/\/pensiunea-ruxi.ro\/","logo":{"@type":"ImageObject","inLanguage":"en-GB","@id":"https:\/\/pensiunea-ruxi.ro\/#\/schema\/logo\/image\/","url":"https:\/\/pensiunea-ruxi.ro\/wp-content\/uploads\/2021\/01\/SIGLA-PENSIUNEA-RUXI.jpg","contentUrl":"https:\/\/pensiunea-ruxi.ro\/wp-content\/uploads\/2021\/01\/SIGLA-PENSIUNEA-RUXI.jpg","width":528,"height":128,"caption":"Pensiunea Ruxi"},"image":{"@id":"https:\/\/pensiunea-ruxi.ro\/#\/schema\/logo\/image\/"}},{"@type":"Person","@id":"https:\/\/pensiunea-ruxi.ro\/#\/schema\/person\/f5ec48f3f231639ae67843c22b6ac73c","name":"administrator","image":{"@type":"ImageObject","inLanguage":"en-GB","@id":"https:\/\/pensiunea-ruxi.ro\/#\/schema\/person\/image\/","url":"https:\/\/secure.gravatar.com\/avatar\/00982cc76c2c05972b1581b1b1f7a3ceb81e226205f216e6fce34f2b2ca3d769?s=96&d=mm&r=g","contentUrl":"https:\/\/secure.gravatar.com\/avatar\/00982cc76c2c05972b1581b1b1f7a3ceb81e226205f216e6fce34f2b2ca3d769?s=96&d=mm&r=g","caption":"administrator"},"url":"https:\/\/pensiunea-ruxi.ro\/en\/author\/administrator\/"}]}},"_links":{"self":[{"href":"https:\/\/pensiunea-ruxi.ro\/en\/wp-json\/wp\/v2\/posts\/2200","targetHints":{"allow":["GET"]}}],"collection":[{"href":"https:\/\/pensiunea-ruxi.ro\/en\/wp-json\/wp\/v2\/posts"}],"about":[{"href":"https:\/\/pensiunea-ruxi.ro\/en\/wp-json\/wp\/v2\/types\/post"}],"author":[{"embeddable":true,"href":"https:\/\/pensiunea-ruxi.ro\/en\/wp-json\/wp\/v2\/users\/4"}],"replies":[{"embeddable":true,"href":"https:\/\/pensiunea-ruxi.ro\/en\/wp-json\/wp\/v2\/comments?post=2200"}],"version-history":[{"count":3,"href":"https:\/\/pensiunea-ruxi.ro\/en\/wp-json\/wp\/v2\/posts\/2200\/revisions"}],"predecessor-version":[{"id":2252,"href":"https:\/\/pensiunea-ruxi.ro\/en\/wp-json\/wp\/v2\/posts\/2200\/revisions\/2252"}],"wp:featuredmedia":[{"embeddable":true,"href":"https:\/\/pensiunea-ruxi.ro\/en\/wp-json\/wp\/v2\/media\/2201"}],"wp:attachment":[{"href":"https:\/\/pensiunea-ruxi.ro\/en\/wp-json\/wp\/v2\/media?parent=2200"}],"wp:term":[{"taxonomy":"category","embeddable":true,"href":"https:\/\/pensiunea-ruxi.ro\/en\/wp-json\/wp\/v2\/categories?post=2200"},{"taxonomy":"post_tag","embeddable":true,"href":"https:\/\/pensiunea-ruxi.ro\/en\/wp-json\/wp\/v2\/tags?post=2200"}],"curies":[{"name":"wp","href":"https:\/\/api.w.org\/{rel}","templated":true}]}}