{"id":1916,"date":"2025-05-14T11:04:43","date_gmt":"2025-05-14T11:04:43","guid":{"rendered":"https:\/\/pensiunea-ruxi.ro\/?p=1916"},"modified":"2025-05-14T11:12:56","modified_gmt":"2025-05-14T11:12:56","slug":"pelerin-in-curtea-de-arges-de-la-manastirea-regala-la-biserici-si-schituri-mai-putin-stiute","status":"publish","type":"post","link":"https:\/\/pensiunea-ruxi.ro\/en\/pelerin-in-curtea-de-arges-de-la-manastirea-regala-la-biserici-si-schituri-mai-putin-stiute\/","title":{"rendered":"Pelerin \u00een Curtea de Arge\u0219: De la M\u0103n\u0103stirea Regal\u0103 la biserici \u0219i schituri mai pu\u021bin \u0219tiute"},"content":{"rendered":"<p><img loading=\"lazy\" decoding=\"async\" class=\"aligncenter wp-image-1922 size-large\" src=\"https:\/\/pensiunea-ruxi.ro\/wp-content\/uploads\/2025\/05\/pelerin-curtea-de-arges-1024x768.jpg\" alt=\"m\u0103n\u0103stiri si biserici in Curtea de Arge\u0219 \u0219i \u00eemprejurimi\" width=\"1024\" height=\"768\" srcset=\"https:\/\/pensiunea-ruxi.ro\/wp-content\/uploads\/2025\/05\/pelerin-curtea-de-arges-1024x768.jpg 1024w, https:\/\/pensiunea-ruxi.ro\/wp-content\/uploads\/2025\/05\/pelerin-curtea-de-arges-300x225.jpg 300w, https:\/\/pensiunea-ruxi.ro\/wp-content\/uploads\/2025\/05\/pelerin-curtea-de-arges-768x576.jpg 768w, https:\/\/pensiunea-ruxi.ro\/wp-content\/uploads\/2025\/05\/pelerin-curtea-de-arges-1536x1152.jpg 1536w, https:\/\/pensiunea-ruxi.ro\/wp-content\/uploads\/2025\/05\/pelerin-curtea-de-arges-16x12.jpg 16w, https:\/\/pensiunea-ruxi.ro\/wp-content\/uploads\/2025\/05\/pelerin-curtea-de-arges.jpg 1920w\" sizes=\"auto, (max-width: 1024px) 100vw, 1024px\" \/><\/p>\n<p>Curtea de Arge\u0219, o legend\u0103 vie a spiritualit\u0103\u021bii rom\u00e2ne\u0219ti, este locul unde <strong>istoria, credin\u021ba \u0219i natura se \u00eempletesc perfect<\/strong>. Aflat\u0103 la poalele Mun\u021bilor F\u0103g\u0103ra\u0219, aceast\u0103 veche capital\u0103 a \u021a\u0103rii Rom\u00e2ne\u0219ti atrage nu doar turi\u0219ti, ci \u0219i <strong>suflete \u00eensetate de lini\u0219te, de r\u0103spunsuri, de sens<\/strong>. Aici, zidurile \u0219optesc pove\u0219ti de jertf\u0103 \u0219i credin\u021b\u0103, iar potecile te conduc nu doar spre m\u0103n\u0103stiri faimoase, ci \u0219i spre locuri mai pu\u021bin \u0219tiute, care vindec\u0103.<\/p>\n<p>Pentru pelerinii sau turi\u0219tii care sunt \u00een c\u0103utarea unui traseu spiritual autentic, acest ora\u0219 din jude\u021bul Arge\u0219 ofer\u0103 <strong>o experien\u021b\u0103 care \u00eembin\u0103 pove\u0219ti, istorie real\u0103 \u0219i legende, cu o arhitectur\u0103 impresionant\u0103 \u0219i o lini\u0219te care-\u021bi hr\u0103ne\u0219te sufletul<\/strong>.<\/p>\n<p>De peste 20 de ani, Pensiunea Ruxi prime\u0219te cu c\u0103ldur\u0103 pelerinii veni\u021bi s\u0103 descopere Curtea de Arge\u0219 \u0219i locurile sfinte din \u00eemprejurimi. Fiind cea mai veche pensiune din ora\u0219, Ruxi a devenit mai mult dec\u00e2t un simplu loc de <a href=\"https:\/\/pensiunea-ruxi.ro\/en\/camere\/\">cazare<\/a>. Aici vei g\u0103si acelea\u0219i gazde care au \u00eendrumat sute de pelerini de-a lungul anilor, care te vor ajuta s\u0103 descoperi cele mai bune trasee, \u00ee\u021bi vor povesti legendele locului \u0219i te vor \u00eendruma spre locurile de lini\u0219te pe care turi\u0219tii obi\u0219nui\u021bi nu le cunosc.<\/p>\n<p>A\u0219adar te invit\u0103m s\u0103 p\u0103\u0219im \u00eempreun\u0103 pe un traseu ce \u00eembin\u0103 splendoarea m\u0103n\u0103stirilor cunoscute cu lini\u0219tea locurilor ascunse, \u00eentr-un pelerinaj care hr\u0103ne\u0219te deopotriv\u0103 spiritul \u0219i mintea. De la <strong>capodopera arhitectural\u0103 a M\u0103n\u0103stirii Regale<\/strong> p\u00e2n\u0103 la <strong>schituri ascunse \u00een p\u0103duri<\/strong>, acest traseu este o invita\u021bie la o altfel de c\u0103l\u0103torie \u2013 una l\u0103untric\u0103, profund\u0103, autentic\u0103. Preg\u0103te\u0219te-\u021bi sufletul pentru <strong>un drum mai aproape de eternitate<\/strong>, printre ziduri care p\u0103streaz\u0103 amprenta secolelor trecute \u0219i l\u0103ca\u0219uri sfinte unde <strong>rug\u0103ciunea continu\u0103 ne\u00eentrerupt de veacuri<\/strong>.<\/p>\n<h2><strong>M\u0103n\u0103stirea Curtea de Arge\u0219, Bijuteria Regal\u0103 (la 2,8 km de Pensiunea Ruxi)<\/strong><\/h2>\n<p>Primii pa\u0219i \u00een Curtea de Arge\u0219 te vor purta, inevitabil, spre bijuteria arhitectural\u0103 care domin\u0103 ora\u0219ul, <strong>M\u0103n\u0103stirea Episcopal\u0103<\/strong>, cunoscut\u0103 \u00een folclorul rom\u00e2nesc drept ctitoria Me\u0219terului Manole. C\u00e2nd prive\u0219ti pentru prima dat\u0103 fa\u021bada alb\u0103 cu turnuri r\u0103sucite, \u00een\u021belegi de ce acest loc a devenit nu doar un simbol al credin\u021bei, ci \u0219i al sacrificiului suprem pentru crea\u021bie.<\/p>\n<p>Legenda spune c\u0103 <strong>Neagoe Basarab<\/strong>, domnitorul \u021a\u0103rii Rom\u00e2ne\u0219ti, a dorit s\u0103 ridice cel mai frumos l\u0103ca\u0219 de cult, iar pentru aceasta l-a ales pe me\u0219terul Manole. Dar zidurile cl\u0103dite ziua se pr\u0103bu\u0219eau noaptea, de parc\u0103 blestemul locului nu le d\u0103dea voie s\u0103 d\u0103inuie. \u00cen vis Manole afl\u0103 c\u0103 doar un sacrificiu uman ar putea opri blestemul. Astfel ca a fost nevoit s\u0103-\u0219i zideasc\u0103 propria so\u021bie, pe Ana, \u00een pere\u021bii l\u0103ca\u0219ului pentru ca acesta s\u0103 d\u0103inuie.<\/p>\n<p>M\u0103n\u0103stirea Curtea de Arge\u0219 nu este doar un loc de legend\u0103, ci \u0219i necropola regal\u0103. Aici \u00ee\u0219i dorm somnul de veci regii \u0219i reginele Rom\u00e2niei: Carol I, Elisabeta, Ferdinand, Maria, Mihai \u0219i Ana. Mormintele sunt simple, dar au o \u00a0sobrietate \u0219i \u00a0o noble\u021be aparte. \u00cen t\u0103cerea bisericii, sim\u021bi o prezen\u021b\u0103 istoric\u0103 \u0219i spiritual\u0103.<\/p>\n<p><strong>Arhitectura m\u0103n\u0103stirii este unic\u0103<\/strong>: elemente bizantine, gotice \u0219i renascentiste se \u00eempletesc \u00een turlele r\u0103sucite, \u00een coloanele sculptate \u0219i \u00een u\u0219ile masive de lemn, bogat ornamentate. Detaliile au propriile semnifica\u021bii: fiecare floare, fiecare frunz\u0103 sculptat\u0103 are o poveste. Cel mai bine se viziteaz\u0103 \u00een zile lini\u0219tite sau \u00een timpul s\u0103rb\u0103torilor ortodoxe, c\u00e2nd slujbele \u00eenv\u0103luie biserica \u00eentr-o atmosfer\u0103 sf\u00e2nt\u0103.<\/p>\n<p>Pentru o experien\u021b\u0103 spiritual\u0103 complet\u0103, \u00ee\u021bi recomand\u0103m s\u0103-\u021bi planifici vizita la M\u0103n\u0103stirea Curtea de Arge\u0219 \u00een timpul marilor s\u0103rb\u0103tori ortodoxe sau \u00een zilele de hram. Pe <strong>15 august, de Adormirea Maicii Domnului \u2013 hramul principal al m\u0103n\u0103stirii<\/strong> \u2013 slujbele religioase au o solemnitate aparte, iar procesiunile cu moa\u0219tele Sfintei Filofteia, ocrotitoarea l\u0103ca\u0219ului, atrag mii de pelerini din toate col\u021burile \u021b\u0103rii.<\/p>\n<p>Dac\u0103 preferi o experien\u021b\u0103 mai lini\u0219tit\u0103, alege o zi de mijloc de s\u0103pt\u0103m\u00e2n\u0103, diminea\u021ba devreme sau seara t\u00e2rziu, c\u00e2nd lumina crepuscular\u0103 transform\u0103 albul zidurilor \u00een nuan\u021be de roz \u0219i auriu. \u00cen aceste momente, c\u00e2nd grupurile de turi\u0219ti sunt mai pu\u021bine, po\u021bi s\u0103 te reculegi \u00een lini\u0219te, s\u0103 aprinzi o lum\u00e2nare pentru cei dragi \u0219i s\u0103 sim\u021bi cu adev\u0103rat energia spiritual\u0103 a locului.<\/p>\n<h3><strong>M\u0103n\u0103stirea Curtea de Arge\u0219<\/strong><\/h3>\n<p>\ud83d\uddd3\ufe0f<strong>Program de vizitare<\/strong>: zilnic, 08:00 \u2013 20:00 (iarna: 09:00 \u2013 17:00)<\/p>\n<p>\ud83d\udccc<strong>Adres\u0103<\/strong>: Bulevardul Basarabilor 1, Curtea de Arge\u0219<\/p>\n<p>\u2626\ufe0f<strong>Hramul<\/strong> M\u0103n\u0103stirii Curtea de Arge\u0219 este Adormirea Maicii Domnului, s\u0103rb\u0103torit pe<strong> 15 august<\/strong>, \u0219i Sf\u00e2ntul Voievod Neagoe Basarab, s\u0103rb\u0103torit pe<strong> 26 septembrie. <\/strong><\/p>\n<h2><strong>Biserica Domneasc\u0103 Curtea de Arge\u0219 (la 1,3 km de Pensiunea Ruxi)<\/strong><\/h2>\n<p>La doar c\u00e2teva sute de metri de impun\u0103toarea M\u0103n\u0103stire Episcopal\u0103, \u00eentr-un cadru mai retras \u0219i mai pu\u021bin vizitat de turi\u0219ti, se afl\u0103 un monument de o valoare istoric\u0103 inestimabil\u0103: <strong>Biserica Domneasc\u0103 Sf\u00e2ntul Nicolae<\/strong>. Ridicat\u0103 \u00een secolul al XIV-lea de c\u0103tre Basarab I, \u00eentemeietorul \u021a\u0103rii Rom\u00e2ne\u0219ti, aceast\u0103 biseric\u0103 reprezint\u0103 <strong>una dintre cele mai vechi construc\u021bii ortodoxe din sudul Carpa\u021bilor<\/strong> care s-au p\u0103strat p\u00e2n\u0103 ast\u0103zi.<\/p>\n<p>Biserica Domneasc\u0103 a fost martora \u00eencoron\u0103rii primilor domni munteni \u0219i <strong>locul unde s-au pus bazele \u021a\u0103rii Rom\u00e2ne\u0219ti<\/strong>.<\/p>\n<p>Arhitectura bisericii este sobr\u0103, specific\u0103 stilului bizantin timpuriu, cu elemente balcanice. Zidurile groase din piatr\u0103, ferestrele \u00eenguste \u0219i turnul-clopotni\u021b\u0103 masiv transmit un sentiment de stabilitate \u0219i permanen\u021b\u0103. Privind aceast\u0103 construc\u021bie, \u00een\u021belegi mai bine caracterul poporului rom\u00e2n, rezistent \u00een fa\u021ba furtunilor istoriei, modest \u00een aparen\u021b\u0103, dar profund \u00een esen\u021b\u0103.<\/p>\n<p>Adev\u0103rata bog\u0103\u021bie a Bisericii Domne\u0219ti se afl\u0103 \u00een interior, unde e\u0219ti \u00eent\u00e2mpinat de o <strong>explozie de culoare <\/strong>\u0219i<strong> simbolism religios<\/strong>. Frescele care acoper\u0103 pere\u021bii interiori reprezint\u0103 una dintre <strong>cele mai valoroase colec\u021bii de art\u0103 bizantin\u0103 din Rom\u00e2nia<\/strong>, multe dintre ele dat\u00e2nd din secolele XIV-XVI.<\/p>\n<p>Cu adev\u0103rat deosebite sunt scenele din naos \u0219i altar, unde arti\u0219tii bizantini au redat momente din via\u021ba lui Iisus Hristos \u0219i a Maicii Domnului. Culorile predominante precum albastrul cerului, aurul divinit\u0103\u021bii \u0219i ro\u0219ul s\u00e2ngelui creeaz\u0103 o atmosfer\u0103 mistic\u0103, care-\u021bi u\u0219ureaz\u0103 rug\u0103ciunea.<\/p>\n<p>Una dintre cele mai valoroase reprezent\u0103ri este tabloul votiv din pronaos, care \u00eel \u00eenf\u0103\u021bi\u0219eaz\u0103 pe Basarab I \u0219i familia sa oferind macheta bisericii lui Hristos, o m\u0103rturie vizual\u0103 a actului de ctitorire \u0219i o leg\u0103tur\u0103 direct\u0103 cu fondatorul edificiului.<\/p>\n<p>De\u0219i se afl\u0103 la doar c\u00e2\u021biva pa\u0219i de faimoasa M\u0103n\u0103stire Episcopal\u0103, Biserica Domneasc\u0103 <strong>p\u0103streaz\u0103 un farmec aparte<\/strong>, datorit\u0103 unui dar rar \u00een aceste vremuri: <strong>lini\u0219tea<\/strong>. \u00cen timp ce majoritatea grupurilor de turi\u0219ti se \u00eendreapt\u0103 spre impun\u0103toarea necropol\u0103 regal\u0103, acest l\u0103ca\u0219 \u00eenc\u0103rcat de istorie r\u0103m\u00e2ne un col\u021b de reculegere autentic\u0103, unde po\u021bi sim\u021bi mai profund leg\u0103tura cu trecutul \u0219i spiritualitatea rom\u00e2neasc\u0103.<\/p>\n<p>Pentru a te bucura din plin de vizit\u0103, \u00ee\u021bi recomand\u0103m s\u0103 vizitezi Biserica Domneasc\u0103 diminea\u021ba devreme, c\u00e2nd razele soarelui p\u0103trund delicat prin ferestrele \u00eenguste, aduc\u00e2nd la via\u021b\u0103 frescele vechi.<\/p>\n<p>Nu uita s\u0103 aprinzi o lum\u00e2nare la vechiul iconostas \u0219i s\u0103 <strong>te la\u0219i cuprins de t\u0103cerea profund\u0103, dar plin\u0103 de sens a bisericii<\/strong>. \u00cen acele clipe de lini\u0219te, poate vei descoperi c\u0103 cele mai simple momente devin cele mai valoroase amintiri ale drumului t\u0103u la Curtea de Arge\u0219.<\/p>\n<h3><strong>Biserica Domneasc\u0103 Sf\u00e2ntul Nicolae<\/strong><\/h3>\n<p>\ud83d\uddd3\ufe0f<strong>Program de vizitare<\/strong>:<\/p>\n<p>Luni \u2013 Joi: 09:00 \u2013 17:00<\/p>\n<p>Vineri: 09:30 \u2013 17:00<\/p>\n<p>S\u00e2mb\u0103t\u0103: 09:00 \u2013 17:00<\/p>\n<p>Duminic\u0103: 08:30 \u2013 17:00<\/p>\n<p>\ud83d\udccc<strong>Adres\u0103<\/strong>: Strada Negru Vod\u0103 2, Curtea de Arge\u0219<\/p>\n<p>\u2626\ufe0f <strong>Hramul<\/strong> Bisericii Domne\u0219ti \u201eSf\u00e2ntul Nicolae\u201d din Curtea de Arge\u0219 este Sf\u00e2ntul Nicolae, s\u0103rb\u0103torit pe <strong>6 decembrie. <\/strong><\/p>\n<h2><strong>Schitul Valea Danului cu Biserica Sf\u00e2nta Filofteia \u0219i Sf\u00e2ntul Nicolae (la 7 km de Pensiunea Ruxi)<\/strong><\/h2>\n<p>La aproximativ 7 kilometri de ora\u0219ul Curtea de Arge\u0219, \u00eentr-o vale pitoreasc\u0103 str\u0103juit\u0103 de dealuri domoale \u0219i p\u0103duri de foioase, se ascunde <strong>Schitul Valea Danului<\/strong>. De\u0219i relativ aproape de civiliza\u021bie, acest l\u0103ca\u0219 de cult<strong> pare desprins dintr-un alt timp<\/strong>, oferind o fereastr\u0103 c\u0103tre via\u021ba monahal\u0103 tradi\u021bional\u0103 rom\u00e2neasc\u0103.<\/p>\n<p>Drumul spre schit este accesibil cu ma\u0219ina pe un drum asfaltat p\u00e2n\u0103 aproape de intrare, dup\u0103 care urmeaz\u0103 o scurt\u0103 por\u021biune de drum forestier. Pentru pelerinul care prefer\u0103 s\u0103 simt\u0103 natura la fiecare pas, <strong>exist\u0103 \u0219i o potec\u0103 pedestr\u0103<\/strong> ce porne\u0219te din satul Valea Danului, str\u0103b\u0103t\u00e2nd p\u0103durea \u0219i oferind ocazia de a admira flora \u0219i fauna local\u0103.<\/p>\n<p>Ridicat\u0103 \u00een anul 1811 de c\u0103tre Episcopul Iosif I al Arge\u0219ului \u0219i iconomul Meletie, biserica a fost ridicat\u0103 pe locul unei vechi biserici de lemn. Este dedicat\u0103 Sfintei Muceni\u021be Filofteia \u0219i Sf\u00e2ntului Ierarh Nicolae. Ansamblul include:<\/p>\n<p>\u2705<strong>Biserica propriu-zis\u0103<\/strong>, <strong>monument istoric<\/strong>, cu plan trilobat \u0219i turl\u0103 deasupra naosului.<\/p>\n<p>\u2705<strong>Turnul clopotni\u021b\u0103<\/strong>, sub care a func\u021bionat o \u0219coal\u0103 de gr\u0103m\u0103tici, preg\u0103tind caligrafi, copi\u0219ti \u0219i clerici pentru nevoile bisericilor din zon\u0103.<\/p>\n<p>\u2705<strong>Zidul de incint\u0103 cu turnuri<\/strong>, care \u00eenconjoar\u0103 curtea bisericii.<\/p>\n<p>Un element deosebit este <strong>catapeteasma din lemn<\/strong>, realizat\u0103 \u00een 1682 \u00een timpul domniei lui \u0218erban Cantacuzino pentru M\u0103n\u0103stirea Curtea de Arge\u0219 \u0219i adus\u0103 aici dup\u0103 cutremurul din 1802.<\/p>\n<p>Ast\u0103zi, Schitul Valea Danului este un complex monastic bine \u00eentre\u021binut, format din biserica principal\u0103, cl\u0103direa cu chilii pentru maici, trapeza (sala de mese), un mic muzeu de art\u0103 religioas\u0103 \u0219i c\u00e2teva anexe gospod\u0103re\u0219ti. De\u0219i restaurat \u0219i par\u021bial modernizat, <strong>schitul a p\u0103strat arhitectura tradi\u021bional\u0103 rom\u00e2neasc\u0103<\/strong>, cu elemente de lemn sculptat \u0219i acoperi\u0219uri \u021buguiate acoperite cu \u0219indril\u0103.<\/p>\n<p>Ceea ce impresioneaz\u0103 cel mai mult la Schitul Valea Danului este <strong>simplitatea vie\u021bii monastice<\/strong>. Aici, timpul pare s\u0103 se fi oprit \u00een loc, iar valorile autentice ale ortodoxiei sunt tr\u0103ite zilnic de comunitatea de maici care locuiesc \u00een acest spa\u021biu sacru.<\/p>\n<p>Un aspect special al acestui schit este <strong>atelierul de icoane pictate pe sticl\u0103 \u0219i lemn. <\/strong>Exist\u0103 \u0219i un mic magazin de unde po\u021bi achizi\u021biona produse f\u0103cute de maici: icoane pe sticl\u0103 \u0219i lemn, obiecte artizanale din l\u00e2n\u0103 \u0219i c\u00e2nep\u0103, miere \u0219i produse apicole din stupina proprie, precum \u0219i c\u0103r\u021bi de rug\u0103ciune \u0219i alte publica\u021bii religioase.<\/p>\n<p><strong>Accesul \u00een incinta schitului este gratuit<\/strong>, dar dona\u021biile sunt binevenite \u0219i ajut\u0103 la \u00eentre\u021binerea acestui loc de rug\u0103ciune.<\/p>\n<h3><strong>Schitul Valea Danului cu Biserica Sf\u00e2nta Filofteia \u0219i Sf\u00e2ntul Nicolae<\/strong><\/h3>\n<p>\ud83d\uddd3\ufe0f<strong>Program de vizitare<\/strong>: Pentru un program exact \u0219i actualizat, recomand\u0103m contactarea direct\u0103 a Prim\u0103riei Comunei Valea Danului sau a reprezentan\u021bilor schitului.<\/p>\n<p>\ud83d\udccc<strong>Adres\u0103<\/strong>: Sat Valea Danului, Comuna Valea Danului, Jude\u021bul Arge\u0219<\/p>\n<p>\u2626\ufe0f <strong>Hram:<\/strong> Sf\u00e2nta Muceni\u021b\u0103 Filofteia \u0219i Sf\u00e2ntul Ierarh Nicolae<\/p>\n<ul>\n<li>Sf\u00e2ntul Nicolae este pr\u0103znuit pe<strong> 6 decembrie<\/strong>;<\/li>\n<li>Sf\u00e2nta Filofteia este s\u0103rb\u0103torit\u0103 pe<strong> 7 decembrie<\/strong>.<\/li>\n<\/ul>\n<h2><strong>M\u0103n\u0103stirea Robaia (la 17 km de Pensiunea Ruxi)<\/strong><\/h2>\n<p>P\u0103\u0219ind pe c\u0103r\u0103rile umbroase ce \u0219erpuiesc printre dealurile Muscelului, c\u0103l\u0103torul las\u0103 \u00een urm\u0103 zgomotul \u0219i agita\u021bia lumii moderne, \u00eendrept\u00e2ndu-se spre <strong>o oaz\u0103 de lini\u0219te \u0219i rug\u0103ciune<\/strong>. Ascuns\u0103 parc\u0103 de ochii lumii, ferit\u0103 de tumultul cotidian, se \u00eenal\u021b\u0103 M\u0103n\u0103stirea Robaia.<\/p>\n<p>Istoria acestui sf\u00e2nt l\u0103ca\u0219 \u00eencepe \u00een veacul al XV-lea, c\u00e2nd un boier local, Robu sau Robea, a hot\u0103r\u00e2t s\u0103 \u00eenal\u021be aici, departe de ochii lumii, un schit modest. <strong>Prima atestare documentar\u0103<\/strong> dateaz\u0103 din anul <strong>1501<\/strong>, \u00eentr-un hrisov semnat de voievodul Radu cel Mare, care recunoa\u0219te existen\u021ba m\u0103n\u0103stirii lui Robaia. De-a lungul secolelor, a\u0219ez\u0103m\u00e2ntul a trecut prin perioade de \u00eenflorire \u0219i dec\u0103dere, reflect\u00e2nd parc\u0103 destinul zbuciumat al poporului rom\u00e2n.<\/p>\n<p>Sub domnia luminat\u0103 a lui Matei Basarab, m\u0103n\u0103stirea a cunoscut o perioad\u0103 de rena\u0219tere, bucur\u00e2ndu-se de aten\u021bia \u0219i generozitatea domnitorului iubitor de cultur\u0103 \u0219i spiritualitate. \u00cens\u0103 adev\u0103ratul ctitor al complexului \u00een forma sa actual\u0103 este considerat<strong> ieromonahul Ioan<\/strong>, care <strong>a<\/strong> <strong>des\u0103v\u00e2r\u0219it<\/strong> <strong>construc\u021bia<\/strong> <strong>bisericii<\/strong> \u00een anul <strong>1644<\/strong>, l\u0103s\u00e2nd posterit\u0103\u021bii un edificiu care \u00eembin\u0103 armonios tradi\u021bia bizantin\u0103 cu specificul arhitectural muntenesc.<\/p>\n<p>Secularizarea averilor m\u0103n\u0103stire\u0219ti din timpul lui Cuza a lovit puternic \u00een existen\u021ba m\u0103n\u0103stirii, iar mai t\u00e2rziu, <strong>regimul comunist a \u00eencercat s\u0103 sting\u0103 definitiv flac\u0103ra credin\u021bei<\/strong> care ardea aici. \u00cen 1959, maicile au fost alungate, iar sf\u00e2ntul l\u0103ca\u0219 a fost transformat \u00een depozit agricol. Dar M\u0103n\u0103stirea Robaia a ren\u0103scut dup\u0103 1989, redevenind cas\u0103 a rug\u0103ciunii \u0219i far spiritual pentru credincio\u0219i.<\/p>\n<p>Biserica m\u0103n\u0103stirii, \u00eenchinat\u0103 \u201eSf\u00e2ntului Mare Mucenic Gheorghe\u201d, te \u00eent\u00e2mpin\u0103 cu simplitatea sa maiestuoas\u0103. Zidurile sale din piatr\u0103 \u0219i c\u0103r\u0103mid\u0103, br\u00e2iele decorative \u0219i turla octogonal\u0103 care se \u00eenal\u021b\u0103 spre cer, toate alc\u0103tuiesc <strong>o simfonie arhitectural\u0103<\/strong> care \u00eenc\u00e2nt\u0103 ochii \u0219i \u00eenal\u021b\u0103 sufletul. Pridvorul deschis, ad\u0103ugat \u00een secolul al XVIII-lea, te invit\u0103 s\u0103 p\u0103\u0219e\u0219ti \u00een interiorul r\u0103coros. \u00cen interior, pictura mural\u0103, de\u0219i afectat\u0103 de timp, are culori vii \u0219i teme bogate.<\/p>\n<p>\u00cen curtea m\u0103n\u0103stirii se afl\u0103 un tei b\u0103tr\u00e2n \u0219i un izvor cu ap\u0103 cristalin\u0103, considerat de localnici ca av\u00e2nd <strong>propriet\u0103\u021bi<\/strong> <strong>t\u0103m\u0103duitoare<\/strong>. Este un loc perfect pentru medita\u021bie \u0219i rug\u0103ciune.<\/p>\n<p>Biblioteca m\u0103n\u0103stirii p\u0103streaz\u0103 <strong>volume rare<\/strong> \u0219i <strong>manuscrise<\/strong> valoroase, reprezent\u00e2nd o adev\u0103rat\u0103 comoar\u0103 cultural\u0103.<\/p>\n<p>Pentru vizitatorii obosi\u021bi de via\u021ba modern\u0103, M\u0103n\u0103stirea Robaia ofer\u0103 un refugiu spiritual, un loc unde po\u021bi g\u0103si lini\u0219te interioar\u0103 \u0219i te po\u021bi reconecta cu valorile tradi\u021bionale.<\/p>\n<h3><strong>M\u0103n\u0103stirea Robaia<\/strong><\/h3>\n<p>\ud83d\uddd3\ufe0f<strong>Program de vizitare<\/strong>: Pentru un program exact \u0219i actualizat, recomand\u0103m contactarea direct\u0103 a Prim\u0103riei Comunei Valea Danului sau a reprezentan\u021bilor schitului.<\/p>\n<p>\ud83d\udccc<strong>Adres\u0103<\/strong>: Comuna Mu\u0219\u0103te\u0219ti, sat Robaia, jude\u021bul Arge\u0219, Rom\u00e2nia<\/p>\n<p>\u2626\ufe0f<strong>Hram<\/strong>: Hramul M\u0103n\u0103stirii Robaia, <strong>Sf<\/strong><strong>\u00e2ntul Mare Mucenic Gheorghe<\/strong>, se s\u0103rb\u0103tore\u0219te anual pe <strong>23 aprilie<\/strong>, ziua pr\u0103znuirii Sf\u00e2ntului Gheorghe \u00een calendarul ortodox.<\/p>\n<p><img loading=\"lazy\" decoding=\"async\" class=\"aligncenter wp-image-1921 size-large\" src=\"https:\/\/pensiunea-ruxi.ro\/wp-content\/uploads\/2025\/05\/pelerin-curtea-de-arges-2-1-1024x683.jpg\" alt=\"ce sa faci in Curtea de Arges\" width=\"1024\" height=\"683\" srcset=\"https:\/\/pensiunea-ruxi.ro\/wp-content\/uploads\/2025\/05\/pelerin-curtea-de-arges-2-1-1024x683.jpg 1024w, https:\/\/pensiunea-ruxi.ro\/wp-content\/uploads\/2025\/05\/pelerin-curtea-de-arges-2-1-300x200.jpg 300w, https:\/\/pensiunea-ruxi.ro\/wp-content\/uploads\/2025\/05\/pelerin-curtea-de-arges-2-1-768x512.jpg 768w, https:\/\/pensiunea-ruxi.ro\/wp-content\/uploads\/2025\/05\/pelerin-curtea-de-arges-2-1-1536x1024.jpg 1536w, https:\/\/pensiunea-ruxi.ro\/wp-content\/uploads\/2025\/05\/pelerin-curtea-de-arges-2-1-18x12.jpg 18w, https:\/\/pensiunea-ruxi.ro\/wp-content\/uploads\/2025\/05\/pelerin-curtea-de-arges-2-1.jpg 1920w\" sizes=\"auto, (max-width: 1024px) 100vw, 1024px\" \/><\/p>\n<h2><strong>M\u0103n\u0103stirea Antone\u0219ti (la 20 km de Pensiunea Ruxi)<\/strong><\/h2>\n<p>Drumul c\u0103tre M\u0103n\u0103stirea Antone\u0219ti te poart\u0103 prin peisaje pitore\u0219ti, oferindu-\u021bi o priveliste lini\u0219titoare \u00eenainte de a ajunge la acest l\u0103ca\u0219 de cult. A\u0219ezat\u0103 strategic pe o colin\u0103, m\u0103n\u0103stirea pare o santinel\u0103 a credin\u021bei din aceast\u0103 zon\u0103.<\/p>\n<p>Istoria m\u0103n\u0103stirii \u00eencepe \u00een secolul al XVII-lea, c\u00e2nd familia boiereasc\u0103 Antonescu a decis s\u0103 ridice un l\u0103ca\u0219 de rug\u0103ciune. <strong>Prima atestare documentar<\/strong><strong>\u0103 <\/strong>dateaz\u0103 din <strong>1656<\/strong>, \u00eentr-un act emis de domnitorul Constantin \u0218erban. De-a lungul timpului, m\u0103n\u0103stirea a fost martor\u0103 la numeroase evenimente istorice care au modelat Rom\u00e2nia.<\/p>\n<p>\u00cen perioada fanariot\u0103, m\u0103n\u0103stirea a cunoscut un declin, \u00eens\u0103 a fost restaurat\u0103 \u00een secolul al XIX-lea prin eforturile episcopului local. Construc\u021bia actual\u0103 p\u0103streaz\u0103 <strong>elemente arhitecturale valoroase din diverse perioade istorice<\/strong>, reflect\u00e2nd <strong>evolu<\/strong><strong>\u021bia stilurilor \u00een arta religioas\u0103 rom\u00e2neasc\u0103.<\/strong><\/p>\n<p>\u0218i aceast\u0103 m\u0103n\u0103stire a avut de suferit \u00een perioada comunist\u0103, fiind \u00eenchis\u0103 \u00een 1959 \u0219i transformat\u0103 \u00een depozit. Dup\u0103 1989, a fost redeschis\u0103 \u0219i restaurat\u0103, revenind la menirea sa spiritual\u0103.<\/p>\n<p>Biserica principal\u0103, cu hramul \u201eSf\u00e2nta Treime\u201d, impresioneaz\u0103 prin propor\u021biile armonioase \u0219i detaliile sculptate \u00een piatr\u0103. Interiorul ad\u0103poste\u0219te fresce valoroase, restaurate recent, iar iconostasul din lemn de tei reprezint\u0103 o adev\u0103rat\u0103 oper\u0103 de art\u0103.<\/p>\n<p>Curtea m\u0103n\u0103stirii, cu gr\u0103dini \u00eengrijite \u0219i un mic cimitir unde odihnesc ctitorii, ofer\u0103 un spa\u021biu de reculegere. Izvorul din apropiere, considerat de localnici ca av\u00e2nd propriet\u0103\u021bi benefice, atrage pelerini din toate col\u021burile \u021b\u0103rii.<\/p>\n<p>Pentru vizitatori, M\u0103n\u0103stirea Antone\u0219ti ofer\u0103 nu doar o experien\u021b\u0103 spiritual\u0103, ci \u0219i o lec\u021bie de istorie \u0219i art\u0103 rom\u00e2neasc\u0103, \u00eentr-un cadru natural care invit\u0103 la contempla\u021bie \u0219i rug\u0103ciune.<\/p>\n<h3><strong>M\u0103n\u0103stirea Antone\u0219ti<\/strong><\/h3>\n<p>\ud83d\uddd3\ufe0f<strong>Program de vizitare<\/strong>: Zilnic, \u00eentre orele 8:00-19:00 (vara) \u0219i 8:00-17:00 (iarna)<\/p>\n<p>\ud83d\udccc<strong>Adres\u0103<\/strong>: comuna Corbeni, jude\u021bul Arge\u0219, Rom\u00e2nia<\/p>\n<p>\u2626\ufe0f <strong>Hram:<\/strong> Sf\u00e2nta Treime, s\u0103rb\u0103torit\u0103 anual la 50 de zile dup\u0103 Pa\u0219ti.<\/p>\n<h2><strong>M\u0103n\u0103stirea N\u0103m\u0103ie\u0219ti (la 20 km de Pensiunea Ruxi)<\/strong><\/h2>\n<p>Ascuns\u0103 \u00eentre st\u00e2nci, <strong>M\u0103n\u0103stirea N\u0103m\u0103ie\u0219<\/strong><strong>ti <\/strong>reprezint\u0103 una dintre cele mai neobi\u0219nuite \u0219i impresionante a\u0219ez\u0103ri monahale din Rom\u00e2nia. Particularitatea acestui <strong>l\u0103ca\u0219<\/strong> este c\u0103 a fost <strong>construit par<\/strong><strong>\u021bial \u00een st\u00e2nc\u0103,<\/strong> oferind o priveli\u0219te unic\u0103 vizitatorilor.<\/p>\n<p>Legendele spun c\u0103 m\u0103n\u0103stirea a fost \u00eentemeiat\u0103 \u00een secolul al XIV-lea, c\u00e2nd o icoan\u0103 f\u0103c\u0103toare de minuni a Maicii Domnului a fost g\u0103sit\u0103 \u00een pe\u0219tera natural\u0103. <strong>Prima atestare documentar<\/strong><strong>\u0103<\/strong> apare \u00eens\u0103 \u00een timpul domniei lui <strong>Neagoe Basarab<\/strong>, la \u00eenceputul secolului al <strong>XVI-lea.<\/strong><\/p>\n<p>De-a lungul istoriei, m\u0103n\u0103stirea a fost un important centru spiritual \u0219i cultural, ad\u0103postind c\u0103rturari \u0219i copi\u0219ti care au contribuit la p\u0103strarea limbii \u0219i tradi\u021biilor rom\u00e2ne\u0219ti. \u00cen perioada ocupa\u021biei otomane, a servit adesea ca refugiu pentru localnici \u0219i ca loc de p\u0103strare a valorilor culturale.<\/p>\n<p>Biserica rupestr\u0103, dedicat\u0103 \u201eNa\u0219terii Maicii Domnului\u201d, combin\u0103 elemente naturale cu arhitectura tradi\u021bional\u0103. Peretele din spate al bisericii este chiar st\u00e2nca natural\u0103, cre\u00e2nd o atmosfer\u0103 mistic\u0103. Pictura interioar\u0103, de\u0219i simpl\u0103, are o profunzime spiritual\u0103 deosebit\u0103.<\/p>\n<p><strong>Icoana f\u0103c\u0103toare de minuni a Maicii Domnului<\/strong>, considerat\u0103 ocrotitoarea m\u0103n\u0103stirii, atrage anual mii de pelerini care vin s\u0103 se roage pentru s\u0103n\u0103tate \u0219i ajutor. Tradi\u021bia local\u0103 spune c\u0103 apa care se scurge din st\u00e2nc\u0103 are propriet\u0103\u021bi vindec\u0103toare.<\/p>\n<p>Vizit\u00e2nd M\u0103n\u0103stirea N\u0103m\u0103ie\u0219ti, vei sim\u021bi o conexiune special\u0103 cu natura \u0219i spiritualitatea, \u00eentr-un loc unde rug\u0103ciunea \u0219i credin\u021ba sunt amplificate de cadrul natural impresionant.<\/p>\n<h3><strong>M\u0103n\u0103stirea N\u0103m\u0103ie\u0219ti<\/strong><\/h3>\n<p>\ud83d\uddd3\ufe0fProgram de vizitare: Zilnic, \u00eentre orele 7:00-20:00<\/p>\n<p>\ud83d\udcccAdres\u0103: Comuna Arge\u0219el, sat N\u0103m\u0103ie\u0219ti, jude\u021bul Arge\u0219<\/p>\n<p>\u2626\ufe0f <strong>Hram<\/strong>: Na\u0219terea Maicii Domnului, s\u0103rb\u0103torit\u0103 anual pe 8 septembrie<\/p>\n<h2><strong>Schitul Dragoslavele (la 25 km de Pensiunea Ruxi)<\/strong><\/h2>\n<p>Pe drumul ce traverseaz\u0103 Carpa\u021bii prin pasul Ruc\u0103r-Bran, \u00eentr-o poian\u0103 \u00eenconjurat\u0103 de p\u0103duri de conifere, se afl\u0103 Schitul Dragoslavele. Acest loc de rug\u0103ciune, mai pu\u021bin cunoscut turi\u0219tilor, ofer\u0103 o experien\u021b\u0103 spiritual\u0103 autentic\u0103.<\/p>\n<p><strong>Schitul<\/strong> a fost \u00eentemeiat la <strong>mijlocul secolului al XVII-lea<\/strong> de c\u0103tre c\u0103lug\u0103ri care c\u0103utau lini\u0219tea \u0219i izolarea pentru rug\u0103ciune \u0219i medita\u021bie. Prima construc\u021bie a fost o simpl\u0103 bisericu\u021b\u0103 din lemn, \u00eenlocuit\u0103 ulterior cu <strong>actuala biseric\u0103 <\/strong><strong>de piatr<\/strong><strong>\u0103.<\/strong><\/p>\n<p>\u00cen timpul r\u0103zboaielor austro-turce, schitul a fost par\u021bial distrus, dar a fost ref\u0103cut \u00een secolul al XVIII-lea prin str\u0103dania localnicilor. \u00cen perioada interbelic\u0103, a fost un important centru de pelerinaj pentru locuitorii din zon\u0103.<\/p>\n<p>Regimul comunist a <strong>\u00eenchis<\/strong> <strong>schitul<\/strong> \u00een <strong>1959<\/strong>, cl\u0103dirile fiind folosite ca tab\u0103r\u0103 pentru pionieri. Abia <strong>dup\u0103 1990 a fost redat cultului<\/strong>, fiind restaurat \u0219i repopulat cu o mic\u0103 ob\u0219te monahal\u0103<\/p>\n<p>Biserica schitului, cu hramul \u201eSf\u00e2ntul Nicolae\u201d, este o construc\u021bie modest\u0103 dar armonioas\u0103, cu elemente arhitecturale specifice zonei montane. Interiorul, recent restaurat, ad\u0103poste\u0219te <strong>icoane vechi <\/strong>\u0219i un <strong>iconostas<\/strong> din <strong>lemn<\/strong> <strong>sculptat<\/strong> <strong>manual<\/strong>.<\/p>\n<p>Atmosfera de pace \u0219i rug\u0103ciune este completat\u0103 de priveli\u0219tea magnific\u0103 asupra mun\u021bilor. C\u0103lug\u0103rii cultiv\u0103 plante medicinale \u0219i produc miere de albine, continu\u00e2nd tradi\u021biile vechi ale monahismului rom\u00e2nesc.<\/p>\n<p>Pentru vizitatori, Schitul Dragoslavele ofer\u0103 nu doar un moment de reculegere spiritual\u0103, ci \u0219i \u0219ansa de a descoperi un mod de via\u021b\u0103 simplu \u0219i autentic, \u00een armonie cu natura.<\/p>\n<h3><strong>Schitul Dragoslavele <\/strong><\/h3>\n<p>\ud83d\uddd3\ufe0f<strong>Program de vizitare:<\/strong> Zilnic, \u00eentre orele 8:00-18:00 (se recomand\u0103 contactarea \u00een prealabil).<\/p>\n<p>\ud83d\udccc<strong>Adres\u0103<\/strong>: Comuna Dragoslavele, jude\u021bul Arge\u0219 .<\/p>\n<p>\u2626\ufe0f <strong>Hram<\/strong>: <strong>&#8222;Sf<\/strong><strong>\u00e2ntul Nicolae&#8221;<\/strong>, s\u0103rb\u0103torit anual pe <strong>6 decembrie. <\/strong><\/p>\n<h2><strong>Biserica \u00cen\u0103l\u021barea Domnului Cepari P\u0103m\u00e2nteni (la 25 km de Pensiunea Ruxi)<\/strong><\/h2>\n<p>\u00centr-un sat tradi\u021bional rom\u00e2nesc, unde timpul pare s\u0103 curg\u0103 mai \u00eencet, se \u00eenal\u021b\u0103 Biserica \u00cen\u0103l\u021barea Domnului din Cepari P\u0103m\u00e2nteni. Acest l\u0103ca\u0219 de cult reprezint\u0103 inima spiritual\u0103 a comunit\u0103\u021bii locale \u0219i un exemplu remarcabil de arhitectur\u0103 religioas\u0103 rural\u0103.<\/p>\n<p>Biserica a fost construit\u0103 la \u00eenceputul secolului al XIX-lea, prin efortul comun al s\u0103tenilor, pe locul unei vechi biserici din lemn. Documentele atest\u0103 finalizarea construc\u021biei \u00een anul 1814, \u00een timpul domniei lui <strong>Ioan Gheorghe Caragea<\/strong>.<\/p>\n<p>Cl\u0103direa impresioneaz\u0103 prin propor\u021biile armonioase \u0219i tehnica constructiv\u0103 folosit\u0103. Zidurile groase din piatr\u0103 \u0219i c\u0103r\u0103mid\u0103, acoperi\u0219ul \u00eenalt \u0219i turla svelt\u0103 creeaz\u0103 o siluet\u0103 distinctiv\u0103 care domin\u0103 peisajul satului.<\/p>\n<p>Interiorul bisericii p\u0103streaz\u0103 o <strong>bogat\u0103<\/strong> <strong>colec<\/strong><strong>\u021b<\/strong><strong>ie <\/strong>de<strong> icoane vechi<\/strong>, multe dintre ele pictate de me\u0219teri locali \u00een<strong> stilul specific \u0219colii de pictur\u0103 arge\u0219ene<\/strong>. Pictura mural\u0103, de\u0219i simpl\u0103, nareaz\u0103 episoade biblice \u00eentr-o manier\u0103 accesibil\u0103 \u0219i expresiv\u0103.<\/p>\n<p>Curtea bisericii, cu vechiul cimitir \u0219i clopotni\u021ba separat\u0103, reprezint\u0103 un spa\u021biu de lini\u0219te \u0219i reflec\u021bie. Aici, sub umbra teilor seculari, genera\u021bii de localnici s-au adunat pentru a marca momentele importante ale vie\u021bii comunitare.<\/p>\n<p>Pentru vizitatori, Biserica \u00cen\u0103l\u021barea Domnului ofer\u0103 o imagine autentic\u0103 a vie\u021bii spirituale rom\u00e2ne\u0219ti tradi\u021bionale, \u00eentr-un cadru pitoresc care p\u0103streaz\u0103 \u00eenc\u0103 atmosfera Rom\u00e2niei de alt\u0103dat\u0103.<\/p>\n<h3><strong>Biserica \u00cen\u0103l\u021barea Domnului Cepari P\u0103m\u00e2nteni <\/strong><\/h3>\n<p>\ud83d\uddd3\ufe0f<strong>Program de vizitare:<\/strong> Duminica \u0219i \u00een s\u0103rb\u0103tori, \u00eentre orele 8:00-12:00; \u00een restul zilelor se recomand\u0103 contactarea preotului paroh.<\/p>\n<p>\ud83d\udccc<strong>Adres\u0103<\/strong>: Satul Cepari P\u0103m\u00e2nteni, comuna Cepari, jude\u021bul Arge\u0219.<\/p>\n<p>\u2626\ufe0f <strong>Hram<\/strong>:<strong> \u00cen\u0103l\u021barea Domnului<\/strong>, s\u0103rb\u0103torit\u0103 anual la 40 de zile dup\u0103 Pa\u0219ti.<\/p>\n<h2><strong>M\u0103n\u0103stirea Corbii de Piatr\u0103 (la 30 km de Pensiunea Ruxi)<\/strong><\/h2>\n<p>\u00centr-un peisaj spectaculos, la poalele mun\u021bilor, se afl\u0103 <strong>una dintre cele mai vechi <\/strong>\u0219i mai neobi\u0219nuite <strong>m\u0103n\u0103stiri<\/strong> din Rom\u00e2nia: <strong>Corbii de Piatr\u0103<\/strong>. S\u0103pat\u0103 direct \u00een st\u00e2nc\u0103, aceast\u0103 <strong>biseric\u0103 <\/strong><strong>rupestr<\/strong><strong>\u0103 <\/strong>reprezint\u0103 o bijuterie a patrimoniului cultural \u0219i spiritual rom\u00e2nesc.<\/p>\n<p>Originile m\u0103n\u0103stirii se pierd \u00een negura timpului, unii istorici consider\u00e2nd-o chiar din <strong>perioada pre-cre\u0219tin\u0103,<\/strong> transformat\u0103 ulterior \u00een l\u0103ca\u0219 de cult cre\u0219tin. <strong>Prima atestare documentar<\/strong><strong>\u0103<\/strong> dateaz\u0103 din <strong>secolul al XIV-lea,<\/strong> \u00een timpul domniei lui Basarab I.<\/p>\n<p>Particularitatea acestui l\u0103ca\u0219 este c\u0103<strong> interiorul bisericii a fost sculptat \u00een \u00eentregime \u00een st\u00e2<\/strong><strong>nca masiv<\/strong><strong>\u0103.<\/strong> Altarul, naosul \u0219i pronaosul formeaz\u0103 un ansamblu unitar, complementat de ni\u0219e \u0219i \u00eenc\u0103peri auxiliare, toate s\u0103pate \u00een piatr\u0103. <strong>Este considerat<\/strong><strong>\u0103 cea mai veche biseric\u0103 <\/strong><strong>rupestr<\/strong><strong>\u0103 din Rom\u00e2nia.<\/strong><\/p>\n<p>Picturile murale, dintre care unele dateaz\u0103 din secolul al XIV-lea, reprezint\u0103 o valoare artistic\u0103 \u0219i istoric\u0103 inestimabil\u0103. De\u0219i afectate de trecerea timpului \u0219i condi\u021biile dificile de conservare, aceste fresce p\u0103streaz\u0103 \u00eenc\u0103 frumuse\u021bea \u0219i spiritualitatea artei medievale rom\u00e2ne\u0219ti.<\/p>\n<p>Legenda spune c\u0103 numele m\u0103n\u0103stirii provine de la corbii care au ajutat la construirea l\u0103ca\u0219ului, aduc\u00e2nd \u00een ciocuri materiale pentru c\u0103lug\u0103rii care lucrau la biserica rupestr\u0103. Simbolul corbului apare \u0219i \u00een unele elemente decorative ale bisericii.<\/p>\n<p>\u00cen jurul bisericii s-a dezvoltat un mic complex monastic, cu chilii pentru c\u0103lug\u0103ri \u0219i spa\u021bii pentru pelerini. \u00centregul ansamblu se integreaz\u0103 armonios \u00een peisajul natural, oferind vizitatorilor o experien\u021b\u0103 spiritual\u0103 profund\u0103.<\/p>\n<h3><strong>M\u0103n\u0103stirea Corbii de Piatr\u0103<\/strong><\/h3>\n<p>\ud83d\uddd3\ufe0f<strong>Program de vizitare<\/strong>: Zilnic, \u00eentre orele 9:00-18:00 (vara) \u0219i 9:00-16:00 (iarna)<\/p>\n<p>\ud83d\udccc<strong>Adres\u0103<\/strong>: Comuna Jgheaburi, sat Corbii de Piatr\u0103, jude\u021bul Arge\u0219<\/p>\n<p>\u2626\ufe0f <strong>Hram: Adormirea Maicii Domnului,<\/strong> s\u0103rb\u0103torit\u0103 anual pe <strong>15 august<\/strong><\/p>\n<p><img loading=\"lazy\" decoding=\"async\" class=\"aligncenter wp-image-1926 size-large\" src=\"https:\/\/pensiunea-ruxi.ro\/wp-content\/uploads\/2025\/05\/pelerin-curtea-de-arges-3-1024x768.jpg\" alt=\"cazare Curtea de Arge\u0219 pelerinaj \" width=\"1024\" height=\"768\" srcset=\"https:\/\/pensiunea-ruxi.ro\/wp-content\/uploads\/2025\/05\/pelerin-curtea-de-arges-3-1024x768.jpg 1024w, https:\/\/pensiunea-ruxi.ro\/wp-content\/uploads\/2025\/05\/pelerin-curtea-de-arges-3-300x225.jpg 300w, https:\/\/pensiunea-ruxi.ro\/wp-content\/uploads\/2025\/05\/pelerin-curtea-de-arges-3-768x576.jpg 768w, https:\/\/pensiunea-ruxi.ro\/wp-content\/uploads\/2025\/05\/pelerin-curtea-de-arges-3-1536x1152.jpg 1536w, https:\/\/pensiunea-ruxi.ro\/wp-content\/uploads\/2025\/05\/pelerin-curtea-de-arges-3-16x12.jpg 16w, https:\/\/pensiunea-ruxi.ro\/wp-content\/uploads\/2025\/05\/pelerin-curtea-de-arges-3.jpg 1920w\" sizes=\"auto, (max-width: 1024px) 100vw, 1024px\" \/><\/p>\n<h2><strong>Traseu recomandat pentru 3 zile de pelerinaj spiritual \u00een jurul ora\u0219ului Curtea de Arge\u0219<\/strong><\/h2>\n<h3><strong>Ziua 1: Curtea de Arge\u0219 \u0219i \u00eemprejurimile apropiate<\/strong><\/h3>\n<p><strong>Diminea\u021ba:<\/strong><\/p>\n<ul>\n<li><strong>08:00-10:00<\/strong>: <strong>M\u0103n\u0103stirea Curtea de Arge\u0219. <\/strong>\u00cencepe ziua la impresionanta M\u0103n\u0103stire Episcopal\u0103, cunoscut\u0103 pentru legenda Me\u0219terului Manole. Exploreaz\u0103 biserica cu arhitectur\u0103 unic\u0103, viziteaz\u0103 necropola regal\u0103 unde odihnesc regii \u0219i reginele Rom\u00e2niei \u0219i admir\u0103 detaliile artistice.<\/li>\n<li><strong>10:30-12:00<\/strong>: <strong>Biserica Domneasc\u0103 <\/strong><strong>Sf<\/strong><strong>\u00e2ntul Nicolae<\/strong>. Continu\u0103 cu vizita la una dintre cele mai vechi biserici ortodoxe din sudul Carpa\u021bilor, construit\u0103 \u00een secolul al XIV-lea de Basarab I. Admir\u0103 frescele istorice \u0219i bucur\u0103-te de lini\u0219tea acestui loc mai pu\u021bin aglomerat.<\/li>\n<\/ul>\n<p><strong>Dup\u0103-amiaz\u0103:<\/strong><\/p>\n<ul>\n<li><strong>13:30-15:30<\/strong>: <strong>Schitul Valea Danului. <\/strong>Viziteaz\u0103 acest l\u0103ca\u0219 ascuns \u00eentr-o vale pitoreasc\u0103. Admir\u0103 biserica din 1811, turnul clopotni\u021b\u0103 \u0219i catapeteasma din lemn din 1682. Nu rata atelierul de icoane pictate pe sticl\u0103 \u0219i magazinul cu produse me\u0219te\u0219ug\u0103re\u0219ti ale maicilor.<\/li>\n<\/ul>\n<h3><strong>Ziua 2: Explorarea m\u0103n\u0103stirilor din \u00eemprejurimi<\/strong><\/h3>\n<p><strong>Diminea\u021ba:<\/strong><\/p>\n<ul>\n<li><strong>08:00-10:30<\/strong>: <strong>M\u0103n\u0103stirea Robaia<\/strong>. Viziteaz\u0103 aceast\u0103 oaz\u0103 de lini\u0219te dat\u00e2nd din secolul al XV-lea. Admir\u0103 biserica \u00eenchinat\u0103 Sf\u00e2ntului Mare Mucenic Gheorghe, cu arhitectura sa specific\u0103, \u0219i nu uita s\u0103 vezi izvorul considerat t\u0103m\u0103duitor \u0219i teiul b\u0103tr\u00e2n din curte.<\/li>\n<li><strong>11:00-13:00<\/strong>: <strong>M\u0103n\u0103stirea Antone\u0219ti<\/strong>. Continu\u0103 c\u0103l\u0103toria spre aceast\u0103 m\u0103n\u0103stire situat\u0103 pe o colin\u0103, cu biserica Sf\u00e2nta Treime. Admir\u0103 iconostasul din lemn de tei \u0219i frescele valoroase din interior.<\/li>\n<\/ul>\n<p><strong>Dup\u0103-amiaz\u0103:<\/strong><\/p>\n<ul>\n<li><strong>14:00-16:30<\/strong>: <strong>M\u0103n\u0103stirea N\u0103m\u0103ie\u0219ti.<\/strong> Viziteaz\u0103 aceast\u0103 impresionant\u0103 m\u0103n\u0103stire par\u021bial construit\u0103 \u00een st\u00e2nc\u0103. Descoper\u0103 biserica rupestr\u0103 dedicat\u0103 Na\u0219terii Maicii Domnului \u0219i icoana f\u0103c\u0103toare de minuni care atrage pelerini din toat\u0103 \u021bara.<\/li>\n<\/ul>\n<h3><strong>Ziua 3: Descoperea comorilor spirituale mai \u00eendep\u0103rtate<\/strong><\/h3>\n<p><strong>Diminea\u021ba:<\/strong><\/p>\n<ul>\n<li><strong>08:00-10:00<\/strong>: <strong>Schitul Dragoslavele<\/strong>. \u00cencepe ziua la acest schit situat \u00eentr-o poian\u0103 \u00eenconjurat\u0103 de p\u0103duri de conifere. Viziteaz\u0103 biserica cu hramul Sf\u00e2ntul Nicolae \u0219i bucur\u0103-te de atmosfera de pace \u0219i priveli\u0219tea mun\u021bilor.<\/li>\n<li><strong>10:30-12:30<\/strong>: <strong>Biserica \u00cen\u0103l\u021barea Domnului din Cepari P\u0103m\u00e2<\/strong><strong>nteni<\/strong><strong>. <\/strong>Continu\u0103 cu aceast\u0103 biseric\u0103 rural\u0103 din 1814 care ilustreaz\u0103 autenticitatea vie\u021bii spirituale rom\u00e2ne\u0219ti tradi\u021bionale. Admir\u0103 colec\u021bia de icoane vechi \u0219i pictura mural\u0103.<\/li>\n<\/ul>\n<p><strong>Dup\u0103-amiaz\u0103:<\/strong><\/p>\n<ul>\n<li><strong>13:30-16:00<\/strong>:<strong> M\u0103n\u0103stirea Corbii de Piatr\u0103. <\/strong>\u00cencheie pelerinajul la aceast\u0103 bijuterie s\u0103pat\u0103 direct \u00een st\u00e2nc\u0103, considerat\u0103 cea mai veche biseric\u0103 rupestr\u0103 din Rom\u00e2 Admir\u0103 picturile murale vechi \u0219i arhitectura unic\u0103 a acestui l\u0103ca\u0219 de cult.<\/li>\n<\/ul>\n<h2><strong>Recomand\u0103ri pentru un pelerinaj autentic<\/strong><\/h2>\n<p><strong>\u00ce<\/strong><strong>mbr<\/strong><strong>\u0103c\u0103minte<\/strong>: \u00cen ceea ce prive\u0219te vestimenta\u021bia, respectul pentru l\u0103ca\u0219urile sfinte este esen\u021bial. Pentru femei, este recomandat\u0103 purtarea unei fuste care s\u0103 acopere genunchii, o bluz\u0103 sau c\u0103ma\u0219\u0103 care s\u0103 acopere umerii \u0219i, ideal, un batic sau e\u0219arf\u0103 pentru acoperirea capului \u00een biserici. B\u0103rba\u021bii ar trebui s\u0103 evite pantalonii scur\u021bi \u0219i tricourile f\u0103r\u0103 m\u00e2neci.<\/p>\n<p><strong>Rucsacul pelerinului<\/strong>: ap\u0103, o icoan\u0103 mic\u0103, pelerin\u0103 de ploaie, lantern\u0103, o carte de rug\u0103ciuni, o p\u0103tur\u0103 u\u0219oar\u0103.<\/p>\n<p><strong>Evit\u0103 <\/strong><strong>orele aglomerate<\/strong>: cele mai lini\u0219tite momente sunt diminea\u021ba devreme sau dup\u0103 ora 16:00.<\/p>\n<p><strong>Fii un pelerin, nu un turist<\/strong>: respect\u0103 t\u0103cerea locului, nu fotografia f\u0103r\u0103 permisiune, particip\u0103 la slujb\u0103 cu inima deschis\u0103.<\/p>\n<p><strong>Ia cu tine o lum\u00e2nare aprins\u0103 \u00een g\u00e2<\/strong><strong>nd:<\/strong> Chiar dac\u0103 nu po\u021bi aduce una fizic\u0103, imagineaz\u0103-\u021bi c\u0103 pleci cu o lumin\u0103 interioar\u0103, o rug\u0103ciune t\u0103cut\u0103 care te \u00eenso\u021be\u0219te \u00eenapoi spre cotidian.<\/p>\n<p><strong>Alege simplitatea:<\/strong> M\u0103n\u00e2nc\u0103 frugal, odihne\u0219te-te, renun\u021b\u0103 o zi la internet. Simplitatea deschide spa\u021biu pentru profunzime.<\/p>\n<p><strong>Respectul fa\u021b\u0103 de monahi \u0219i maici:<\/strong> Adreseaz\u0103-te c\u0103lug\u0103rilor \u201eP\u0103rinte\u201d \u0219i maicilor cu \u201eMaic\u0103\u201d sau \u201eSor\u0103\u201d. Nu insista cu \u00eentreb\u0103ri personale \u0219i respect\u0103 zonele marcate ca fiind accesibile doar comunit\u0103\u021bii monahale.<\/p>\n<p><strong>Perioade de renovare sau restric\u021bii:<\/strong> \u00cenainte de a porni la drum, verific\u0103 site-urile oficiale ale m\u0103n\u0103stirilor sau sun\u0103 direct pentru a te asigura c\u0103 nu exist\u0103 lucr\u0103ri de renovare sau evenimente speciale care ar putea restric\u021biona accesul.<\/p>\n<p><strong>Cur\u0103\u021benie:<\/strong> Trateaz\u0103 fiecare loc sf\u00e2nt ca pe propria cas\u0103. Nu l\u0103sa urme ale trecerii tale precum ambalaje, sticle goale sau alte de\u0219euri. Multe m\u0103n\u0103stiri din zona Arge\u0219ului se afl\u0103 \u00een locuri naturale spectaculoase, iar protejarea mediului este o form\u0103 de respect.<\/p>\n<p><strong>P\u0103strarea t\u0103cerii: <\/strong>Lini\u0219tea este esen\u021bial\u0103 pentru atmosfera de rug\u0103ciune \u0219i medita\u021bie. Telefonul mobil trebuie setat pe modul silen\u021bios sau, ideal, oprit complet.<\/p>\n<h2><strong>Unde m\u0103 cazez in Curtea de Arge\u0219?<\/strong><\/h2>\n<p>\u0218i \u00eenainte, dar mai ales dup\u0103 un pelerinaj spiritual bogat \u00een experien\u021be \u0219i momente de reculegere, ai nevoie de un loc primitor unde s\u0103 te odihne\u0219ti. Pensiunea Ruxi, prima pensiune deschis\u0103 \u00een Curtea de Arge\u0219, ofer\u0103 toate facilit\u0103\u021bile necesare pelerinilor care viziteaz\u0103 m\u0103n\u0103stirile \u0219i l\u0103ca\u0219urile sfinte din zon\u0103.<\/p>\n<h3><strong>De ce s\u0103 alegi s\u0103 te cazezi la Pensiunea Ruxi pentru pelerinajul t\u0103u?<\/strong><\/h3>\n<p>\u2705<strong>Loca\u021bie strategic\u0103<\/strong>: La doar 1 km de centrul ora\u0219ului, 2,8 km de M\u0103n\u0103stirea Curtea de Arge\u0219 \u0219i 1,3 km de Biserica Domneasc\u0103<\/p>\n<p>\u2705<strong>Experien\u021b\u0103 \u00ee<\/strong><strong>ndelungat<\/strong><strong>\u0103 cu pelerini<\/strong>: Cu peste 20 de ani de experien\u021b\u0103, suntem obi\u0219nui\u021bi s\u0103 g\u0103zduim \u0219i s\u0103 \u00eendrum\u0103m pelerini.<\/p>\n<p>\u2705<strong>Atmosfer<\/strong><strong>\u0103 <\/strong><strong>cald<\/strong><strong>\u0103 \u0219<\/strong><strong>i respectuoas<\/strong><strong>\u0103:<\/strong> Ca afacere de familie, \u00een\u021belegem nevoile spirituale \u0219i practice ale pelerinilor.<\/p>\n<p>\u2705<strong>Buc\u0103t\u0103<\/strong><strong>rie complet utilat<\/strong><strong>\u0103 (15 m\u00b2):<\/strong> Perfect\u0103 pentru prepararea m\u00e2nc\u0103rurilor de post sau tradi\u021bionale.<\/p>\n<h3>Facilit\u0103\u021bi speciale pentru pelerini<\/h3>\n<p>\u2705<strong>Prepararea m\u00e2nc\u0103rii de post<\/strong>: Buc\u0103t\u0103ria complet utilat\u0103 \u00ee\u021bi permite s\u0103 preg\u0103te\u0219ti m\u00e2nc\u0103ruri de post conform preferin\u021belor tale \u0219i nevoilor spirituale.<\/p>\n<p>\u2705<strong>Ghidare local<\/strong><strong>\u0103:<\/strong> \u00ce\u0219i oferim informa\u021bii valoroase despre traseele de pelerinaj din zon\u0103, orarul slujbelor \u0219i obiceiurile locale.<\/p>\n<p>\u2705<strong>Ambian<\/strong><strong>\u021b\u0103 lini\u0219tit\u0103:<\/strong> Gr\u0103dina noastr\u0103 de 80 m\u00b2 \u0219i terasele spa\u021bioase sunt ideale pentru momente de reflec\u021bie \u0219i rug\u0103ciune<\/p>\n<p>\u2705<strong>Op<\/strong><strong>\u021biuni flexibile de cazare:<\/strong> <strong>Camere<\/strong> pentru persoane singure, cupluri sau <strong>grupuri de pelerini la <\/strong><a href=\"https:\/\/pensiunea-ruxi.ro\/en\/tarife\/\">pre\u021buri accesibile<\/a><strong>. <\/strong><\/p>\n<ul>\n<li><strong>Camer\u0103<\/strong><strong> dubl<\/strong><strong>\u0103 standard<\/strong>: de la 180 lei\/noapte<\/li>\n<li><strong>Camer\u0103<\/strong><strong> twin<\/strong>: de la 180 lei\/noapte<\/li>\n<li><strong>Camer\u0103<\/strong><strong> tripl<\/strong><strong>\u0103 pentru grupuri sau familii<\/strong>: de la 240 lei\/noapte<\/li>\n<li><strong>Reduceri speciale <\/strong>pentru <strong>grupuri<\/strong> <strong>organizate<\/strong> de pelerini \u0219i pentru <strong>\u0219<\/strong><strong>ederi<\/strong> <strong>mai<\/strong><\/li>\n<\/ul>\n<p>\u2705<strong>Accept\u0103m<\/strong> <strong>plata cu tichete de vacan\u021b\u0103<\/strong> \u0219i oferim <strong>parcare gratuit<\/strong><strong>\u0103<\/strong><strong>, Wi-Fi <\/strong>\u00een toat\u0103 pensiunea, precum \u0219i servicii de <strong>cur<\/strong><strong>\u0103\u021benie<\/strong> <strong>zilnic\u0103<\/strong>.<\/p>\n<p>Pensiunea Ruxi te a\u0219teapt\u0103 s\u0103 descoperi c\u0103ldura ospitalit\u0103\u021bii arge\u0219ene \u0219i s\u0103 te bucuri de o oaz\u0103 de lini\u0219te dup\u0103 zilele intense de pelerinaj spiritual \u00een aceast\u0103 zon\u0103 bogat\u0103 \u00een istorie \u0219i credin\u021b\u0103.<\/p>\n<p>Contacteaz\u0103-ne telefonic la \u260e\ufe0f<a href=\"tel:+40-727-827-675\">0727 82 76 75<\/a> sau po\u021bi face direct rezervarea \u00een site, f\u0103r\u0103 necesitatea unei pl\u0103\u021bi \u00een avans!<\/p>\n\n<div class=\"wpcf7 no-js\" id=\"wpcf7-f1751-o1\" lang=\"en-US\" dir=\"ltr\" data-wpcf7-id=\"1751\">\n<div class=\"screen-reader-response\"><p role=\"status\" aria-live=\"polite\" aria-atomic=\"true\"><\/p> <ul><\/ul><\/div>\n<form action=\"\/en\/wp-json\/wp\/v2\/posts\/1916#wpcf7-f1751-o1\" method=\"post\" class=\"wpcf7-form init\" aria-label=\"Contact form\" novalidate=\"novalidate\" data-status=\"init\" data-trp-original-action=\"\/en\/wp-json\/wp\/v2\/posts\/1916#wpcf7-f1751-o1\">\n<fieldset class=\"hidden-fields-container\"><input type=\"hidden\" name=\"_wpcf7\" value=\"1751\" \/><input type=\"hidden\" name=\"_wpcf7_version\" value=\"6.1.3\" \/><input type=\"hidden\" name=\"_wpcf7_locale\" value=\"en_US\" \/><input type=\"hidden\" name=\"_wpcf7_unit_tag\" value=\"wpcf7-f1751-o1\" \/><input type=\"hidden\" name=\"_wpcf7_container_post\" value=\"0\" \/><input type=\"hidden\" name=\"_wpcf7_posted_data_hash\" value=\"\" \/><input type=\"hidden\" name=\"_wpcf7_recaptcha_response\" value=\"\" \/>\n<\/fieldset>\n<p><label> Data sosirii<br \/>\n<span class=\"wpcf7-form-control-wrap\" data-name=\"date-4\"><input class=\"wpcf7-form-control wpcf7-date wpcf7-validates-as-required wpcf7-validates-as-date\" aria-required=\"true\" aria-invalid=\"false\" value=\"data-sosirii\" type=\"date\" name=\"date-4\" \/><\/span> <\/label>\n<\/p>\n<p><label> Data plecarii<br \/>\n<span class=\"wpcf7-form-control-wrap\" data-name=\"date-5\"><input class=\"wpcf7-form-control wpcf7-date wpcf7-validates-as-required wpcf7-validates-as-date\" aria-required=\"true\" aria-invalid=\"false\" value=\"data-plecarii\" type=\"date\" name=\"date-5\" \/><\/span> <\/label>\n<\/p>\n<p><label> Nr. persoane<br \/>\n<span class=\"wpcf7-form-control-wrap\" data-name=\"numar-pers\"><input class=\"wpcf7-form-control wpcf7-number wpcf7-validates-as-required wpcf7-validates-as-number\" min=\"1\" max=\"100\" aria-required=\"true\" aria-invalid=\"false\" value=\"\" type=\"number\" name=\"numar-pers\" \/><\/span> <\/label>\n<\/p>\n<p><label> Nume si Prenume<br \/>\n<span class=\"wpcf7-form-control-wrap\" data-name=\"text-nume\"><input size=\"40\" maxlength=\"400\" class=\"wpcf7-form-control wpcf7-text wpcf7-validates-as-required\" aria-required=\"true\" aria-invalid=\"false\" value=\"\" type=\"text\" name=\"text-nume\" \/><\/span> <\/label>\n<\/p>\n<p><label> Telefon<br \/>\n<span class=\"wpcf7-form-control-wrap\" data-name=\"tel-710\"><input size=\"40\" maxlength=\"400\" class=\"wpcf7-form-control wpcf7-tel wpcf7-validates-as-required wpcf7-text wpcf7-validates-as-tel\" aria-required=\"true\" aria-invalid=\"false\" value=\"telefon\" type=\"tel\" name=\"tel-710\" \/><\/span> <\/label>\n<\/p>\n<p><label> Adresa de e-mail<br \/>\n<span class=\"wpcf7-form-control-wrap\" data-name=\"email-587\"><input size=\"40\" maxlength=\"400\" class=\"wpcf7-form-control wpcf7-email wpcf7-validates-as-required wpcf7-text wpcf7-validates-as-email\" aria-required=\"true\" aria-invalid=\"false\" value=\"e-mail\" type=\"email\" name=\"email-587\" \/><\/span> <\/label>\n<\/p>\n<p><label> Mesaj (optional)<br \/>\n<span class=\"wpcf7-form-control-wrap\" data-name=\"textarea-328\"><textarea cols=\"40\" rows=\"10\" maxlength=\"2000\" class=\"wpcf7-form-control wpcf7-textarea\" aria-invalid=\"false\" name=\"textarea-328\">mesaj<\/textarea><\/span> <\/label>\n<\/p>\n<p><input class=\"wpcf7-form-control wpcf7-submit has-spinner\" type=\"submit\" value=\"Send\" \/>\n<\/p><p style=\"display: none !important;\" class=\"akismet-fields-container\" data-prefix=\"_wpcf7_ak_\"><label>&#916;<textarea name=\"_wpcf7_ak_hp_textarea\" cols=\"45\" rows=\"8\" maxlength=\"100\"><\/textarea><\/label><input type=\"hidden\" id=\"ak_js_1\" name=\"_wpcf7_ak_js\" value=\"5\"\/><script>document.getElementById( \"ak_js_1\" ).setAttribute( \"value\", ( new Date() ).getTime() );<\/script><\/p><div class=\"wpcf7-response-output\" aria-hidden=\"true\"><\/div>\n<input type=\"hidden\" name=\"trp-form-language\" value=\"en\"\/><\/form>\n<\/div>","protected":false},"excerpt":{"rendered":"<p>Curtea de Arge\u0219, o legend\u0103 vie a spiritualit\u0103\u021bii rom\u00e2ne\u0219ti, este locul unde istoria, credin\u021ba \u0219i natura se \u00eempletesc perfect. Aflat\u0103 la poalele Mun\u021bilor F\u0103g\u0103ra\u0219, aceast\u0103 veche capital\u0103 a \u021a\u0103rii Rom\u00e2ne\u0219ti atrage nu doar turi\u0219ti, ci \u0219i suflete \u00eensetate de lini\u0219te, de r\u0103spunsuri, de sens. Aici, zidurile \u0219optesc pove\u0219ti de jertf\u0103 \u0219i credin\u021b\u0103, iar potecile te [&hellip;]<\/p>","protected":false},"author":4,"featured_media":1922,"comment_status":"open","ping_status":"open","sticky":false,"template":"","format":"standard","meta":{"footnotes":""},"categories":[27],"tags":[],"class_list":["post-1916","post","type-post","status-publish","format-standard","hentry","category-blog"],"yoast_head":"<!-- This site is optimized with the Yoast SEO plugin v25.1 - https:\/\/yoast.com\/wordpress\/plugins\/seo\/ -->\n<title>Pelerin \u00een Curtea de Arge\u0219: De la M\u0103n\u0103stirea Regal\u0103 la biserici \u0219i schituri mai pu\u021bin \u0219tiute<\/title>\n<meta name=\"description\" content=\"Pelerin \u00een Curtea de Arge\u0219: m\u0103n\u0103stiri&amp;biserici \u00een \u00eemprejurimiMeta descriere: Ghid pelerinaj religios \u00een Curtea de Arge\u0219 si \u00eemprejurimi\u2b55\ufe0fBiserici, schituri, m\u0103n\u0103stiri\u2b55\ufe0fAdrese, program \u0219i hram\u2b55\ufe0fCazare Curtea de Arge\u0219\u2b55\ufe0fPre\u021b cazare\" \/>\n<meta name=\"robots\" content=\"index, follow, max-snippet:-1, max-image-preview:large, max-video-preview:-1\" \/>\n<link rel=\"canonical\" href=\"https:\/\/pensiunea-ruxi.ro\/en\/pelerin-in-curtea-de-arges-de-la-manastirea-regala-la-biserici-si-schituri-mai-putin-stiute\/\" \/>\n<meta property=\"og:locale\" content=\"en_GB\" \/>\n<meta property=\"og:type\" content=\"article\" \/>\n<meta property=\"og:title\" content=\"Pelerin \u00een Curtea de Arge\u0219: De la M\u0103n\u0103stirea Regal\u0103 la biserici \u0219i schituri mai pu\u021bin \u0219tiute\" \/>\n<meta property=\"og:description\" content=\"Pelerin \u00een Curtea de Arge\u0219: m\u0103n\u0103stiri&amp;biserici \u00een \u00eemprejurimiMeta descriere: Ghid pelerinaj religios \u00een Curtea de Arge\u0219 si \u00eemprejurimi\u2b55\ufe0fBiserici, schituri, m\u0103n\u0103stiri\u2b55\ufe0fAdrese, program \u0219i hram\u2b55\ufe0fCazare Curtea de Arge\u0219\u2b55\ufe0fPre\u021b cazare\" \/>\n<meta property=\"og:url\" content=\"https:\/\/pensiunea-ruxi.ro\/en\/pelerin-in-curtea-de-arges-de-la-manastirea-regala-la-biserici-si-schituri-mai-putin-stiute\/\" \/>\n<meta property=\"og:site_name\" content=\"Pensiunea Ruxi\" \/>\n<meta property=\"article:published_time\" content=\"2025-05-14T11:04:43+00:00\" \/>\n<meta property=\"article:modified_time\" content=\"2025-05-14T11:12:56+00:00\" \/>\n<meta property=\"og:image\" content=\"https:\/\/pensiunea-ruxi.ro\/wp-content\/uploads\/2025\/05\/pelerin-curtea-de-arges.jpg\" \/>\n\t<meta property=\"og:image:width\" content=\"1920\" \/>\n\t<meta property=\"og:image:height\" content=\"1440\" \/>\n\t<meta property=\"og:image:type\" content=\"image\/jpeg\" \/>\n<meta name=\"author\" content=\"administrator\" \/>\n<meta name=\"twitter:card\" content=\"summary_large_image\" \/>\n<meta name=\"twitter:label1\" content=\"Written by\" \/>\n\t<meta name=\"twitter:data1\" content=\"administrator\" \/>\n\t<meta name=\"twitter:label2\" content=\"Estimated reading time\" \/>\n\t<meta name=\"twitter:data2\" content=\"25 minutes\" \/>\n<script type=\"application\/ld+json\" class=\"yoast-schema-graph\">{\"@context\":\"https:\/\/schema.org\",\"@graph\":[{\"@type\":\"Article\",\"@id\":\"https:\/\/pensiunea-ruxi.ro\/pelerin-in-curtea-de-arges-de-la-manastirea-regala-la-biserici-si-schituri-mai-putin-stiute\/#article\",\"isPartOf\":{\"@id\":\"https:\/\/pensiunea-ruxi.ro\/pelerin-in-curtea-de-arges-de-la-manastirea-regala-la-biserici-si-schituri-mai-putin-stiute\/\"},\"author\":{\"name\":\"administrator\",\"@id\":\"https:\/\/pensiunea-ruxi.ro\/#\/schema\/person\/f5ec48f3f231639ae67843c22b6ac73c\"},\"headline\":\"Pelerin \u00een Curtea de Arge\u0219: De la M\u0103n\u0103stirea Regal\u0103 la biserici \u0219i schituri mai pu\u021bin \u0219tiute\",\"datePublished\":\"2025-05-14T11:04:43+00:00\",\"dateModified\":\"2025-05-14T11:12:56+00:00\",\"mainEntityOfPage\":{\"@id\":\"https:\/\/pensiunea-ruxi.ro\/pelerin-in-curtea-de-arges-de-la-manastirea-regala-la-biserici-si-schituri-mai-putin-stiute\/\"},\"wordCount\":5057,\"commentCount\":0,\"publisher\":{\"@id\":\"https:\/\/pensiunea-ruxi.ro\/#organization\"},\"image\":{\"@id\":\"https:\/\/pensiunea-ruxi.ro\/pelerin-in-curtea-de-arges-de-la-manastirea-regala-la-biserici-si-schituri-mai-putin-stiute\/#primaryimage\"},\"thumbnailUrl\":\"https:\/\/pensiunea-ruxi.ro\/wp-content\/uploads\/2025\/05\/pelerin-curtea-de-arges.jpg\",\"articleSection\":[\"Blog\"],\"inLanguage\":\"en-GB\",\"potentialAction\":[{\"@type\":\"CommentAction\",\"name\":\"Comment\",\"target\":[\"https:\/\/pensiunea-ruxi.ro\/pelerin-in-curtea-de-arges-de-la-manastirea-regala-la-biserici-si-schituri-mai-putin-stiute\/#respond\"]}]},{\"@type\":\"WebPage\",\"@id\":\"https:\/\/pensiunea-ruxi.ro\/pelerin-in-curtea-de-arges-de-la-manastirea-regala-la-biserici-si-schituri-mai-putin-stiute\/\",\"url\":\"https:\/\/pensiunea-ruxi.ro\/pelerin-in-curtea-de-arges-de-la-manastirea-regala-la-biserici-si-schituri-mai-putin-stiute\/\",\"name\":\"Pelerin \u00een Curtea de Arge\u0219: De la M\u0103n\u0103stirea Regal\u0103 la biserici \u0219i schituri mai pu\u021bin \u0219tiute\",\"isPartOf\":{\"@id\":\"https:\/\/pensiunea-ruxi.ro\/#website\"},\"primaryImageOfPage\":{\"@id\":\"https:\/\/pensiunea-ruxi.ro\/pelerin-in-curtea-de-arges-de-la-manastirea-regala-la-biserici-si-schituri-mai-putin-stiute\/#primaryimage\"},\"image\":{\"@id\":\"https:\/\/pensiunea-ruxi.ro\/pelerin-in-curtea-de-arges-de-la-manastirea-regala-la-biserici-si-schituri-mai-putin-stiute\/#primaryimage\"},\"thumbnailUrl\":\"https:\/\/pensiunea-ruxi.ro\/wp-content\/uploads\/2025\/05\/pelerin-curtea-de-arges.jpg\",\"datePublished\":\"2025-05-14T11:04:43+00:00\",\"dateModified\":\"2025-05-14T11:12:56+00:00\",\"description\":\"Pelerin \u00een Curtea de Arge\u0219: m\u0103n\u0103stiri&biserici \u00een \u00eemprejurimiMeta descriere: Ghid pelerinaj religios \u00een Curtea de Arge\u0219 si \u00eemprejurimi\u2b55\ufe0fBiserici, schituri, m\u0103n\u0103stiri\u2b55\ufe0fAdrese, program \u0219i hram\u2b55\ufe0fCazare Curtea de Arge\u0219\u2b55\ufe0fPre\u021b cazare\",\"breadcrumb\":{\"@id\":\"https:\/\/pensiunea-ruxi.ro\/pelerin-in-curtea-de-arges-de-la-manastirea-regala-la-biserici-si-schituri-mai-putin-stiute\/#breadcrumb\"},\"inLanguage\":\"en-GB\",\"potentialAction\":[{\"@type\":\"ReadAction\",\"target\":[\"https:\/\/pensiunea-ruxi.ro\/pelerin-in-curtea-de-arges-de-la-manastirea-regala-la-biserici-si-schituri-mai-putin-stiute\/\"]}]},{\"@type\":\"ImageObject\",\"inLanguage\":\"en-GB\",\"@id\":\"https:\/\/pensiunea-ruxi.ro\/pelerin-in-curtea-de-arges-de-la-manastirea-regala-la-biserici-si-schituri-mai-putin-stiute\/#primaryimage\",\"url\":\"https:\/\/pensiunea-ruxi.ro\/wp-content\/uploads\/2025\/05\/pelerin-curtea-de-arges.jpg\",\"contentUrl\":\"https:\/\/pensiunea-ruxi.ro\/wp-content\/uploads\/2025\/05\/pelerin-curtea-de-arges.jpg\",\"width\":1920,\"height\":1440,\"caption\":\"m\u0103n\u0103stiri si biserici in Curtea de Arge\u0219 \u0219i \u00eemprejurimi\"},{\"@type\":\"BreadcrumbList\",\"@id\":\"https:\/\/pensiunea-ruxi.ro\/pelerin-in-curtea-de-arges-de-la-manastirea-regala-la-biserici-si-schituri-mai-putin-stiute\/#breadcrumb\",\"itemListElement\":[{\"@type\":\"ListItem\",\"position\":1,\"name\":\"Prima pagin\u0103\",\"item\":\"https:\/\/pensiunea-ruxi.ro\/\"},{\"@type\":\"ListItem\",\"position\":2,\"name\":\"Pelerin \u00een Curtea de Arge\u0219: De la M\u0103n\u0103stirea Regal\u0103 la biserici \u0219i schituri mai pu\u021bin \u0219tiute\"}]},{\"@type\":\"WebSite\",\"@id\":\"https:\/\/pensiunea-ruxi.ro\/#website\",\"url\":\"https:\/\/pensiunea-ruxi.ro\/\",\"name\":\"Pensiunea Ruxi\",\"description\":\"Cazare Curtea de Arge\u0219\",\"publisher\":{\"@id\":\"https:\/\/pensiunea-ruxi.ro\/#organization\"},\"potentialAction\":[{\"@type\":\"SearchAction\",\"target\":{\"@type\":\"EntryPoint\",\"urlTemplate\":\"https:\/\/pensiunea-ruxi.ro\/?s={search_term_string}\"},\"query-input\":{\"@type\":\"PropertyValueSpecification\",\"valueRequired\":true,\"valueName\":\"search_term_string\"}}],\"inLanguage\":\"en-GB\"},{\"@type\":\"Organization\",\"@id\":\"https:\/\/pensiunea-ruxi.ro\/#organization\",\"name\":\"Pensiunea Ruxi\",\"alternateName\":\"Pensiunea Ruxi - Curtea de Arges\",\"url\":\"https:\/\/pensiunea-ruxi.ro\/\",\"logo\":{\"@type\":\"ImageObject\",\"inLanguage\":\"en-GB\",\"@id\":\"https:\/\/pensiunea-ruxi.ro\/#\/schema\/logo\/image\/\",\"url\":\"https:\/\/pensiunea-ruxi.ro\/wp-content\/uploads\/2021\/01\/SIGLA-PENSIUNEA-RUXI.jpg\",\"contentUrl\":\"https:\/\/pensiunea-ruxi.ro\/wp-content\/uploads\/2021\/01\/SIGLA-PENSIUNEA-RUXI.jpg\",\"width\":528,\"height\":128,\"caption\":\"Pensiunea Ruxi\"},\"image\":{\"@id\":\"https:\/\/pensiunea-ruxi.ro\/#\/schema\/logo\/image\/\"}},{\"@type\":\"Person\",\"@id\":\"https:\/\/pensiunea-ruxi.ro\/#\/schema\/person\/f5ec48f3f231639ae67843c22b6ac73c\",\"name\":\"administrator\",\"image\":{\"@type\":\"ImageObject\",\"inLanguage\":\"en-GB\",\"@id\":\"https:\/\/pensiunea-ruxi.ro\/#\/schema\/person\/image\/\",\"url\":\"https:\/\/secure.gravatar.com\/avatar\/00982cc76c2c05972b1581b1b1f7a3ceb81e226205f216e6fce34f2b2ca3d769?s=96&d=mm&r=g\",\"contentUrl\":\"https:\/\/secure.gravatar.com\/avatar\/00982cc76c2c05972b1581b1b1f7a3ceb81e226205f216e6fce34f2b2ca3d769?s=96&d=mm&r=g\",\"caption\":\"administrator\"},\"url\":\"https:\/\/pensiunea-ruxi.ro\/en\/author\/administrator\/\"}]}<\/script>\n<!-- \/ Yoast SEO plugin. -->","yoast_head_json":{"title":"Pelerin \u00een Curtea de Arge\u0219: De la M\u0103n\u0103stirea Regal\u0103 la biserici \u0219i schituri mai pu\u021bin \u0219tiute","description":"Pelerin \u00een Curtea de Arge\u0219: m\u0103n\u0103stiri&biserici \u00een \u00eemprejurimiMeta descriere: Ghid pelerinaj religios \u00een Curtea de Arge\u0219 si \u00eemprejurimi\u2b55\ufe0fBiserici, schituri, m\u0103n\u0103stiri\u2b55\ufe0fAdrese, program \u0219i hram\u2b55\ufe0fCazare Curtea de Arge\u0219\u2b55\ufe0fPre\u021b cazare","robots":{"index":"index","follow":"follow","max-snippet":"max-snippet:-1","max-image-preview":"max-image-preview:large","max-video-preview":"max-video-preview:-1"},"canonical":"https:\/\/pensiunea-ruxi.ro\/en\/pelerin-in-curtea-de-arges-de-la-manastirea-regala-la-biserici-si-schituri-mai-putin-stiute\/","og_locale":"en_GB","og_type":"article","og_title":"Pelerin \u00een Curtea de Arge\u0219: De la M\u0103n\u0103stirea Regal\u0103 la biserici \u0219i schituri mai pu\u021bin \u0219tiute","og_description":"Pelerin \u00een Curtea de Arge\u0219: m\u0103n\u0103stiri&biserici \u00een \u00eemprejurimiMeta descriere: Ghid pelerinaj religios \u00een Curtea de Arge\u0219 si \u00eemprejurimi\u2b55\ufe0fBiserici, schituri, m\u0103n\u0103stiri\u2b55\ufe0fAdrese, program \u0219i hram\u2b55\ufe0fCazare Curtea de Arge\u0219\u2b55\ufe0fPre\u021b cazare","og_url":"https:\/\/pensiunea-ruxi.ro\/en\/pelerin-in-curtea-de-arges-de-la-manastirea-regala-la-biserici-si-schituri-mai-putin-stiute\/","og_site_name":"Pensiunea Ruxi","article_published_time":"2025-05-14T11:04:43+00:00","article_modified_time":"2025-05-14T11:12:56+00:00","og_image":[{"width":1920,"height":1440,"url":"https:\/\/pensiunea-ruxi.ro\/wp-content\/uploads\/2025\/05\/pelerin-curtea-de-arges.jpg","type":"image\/jpeg"}],"author":"administrator","twitter_card":"summary_large_image","twitter_misc":{"Written by":"administrator","Estimated reading time":"25 minutes"},"schema":{"@context":"https:\/\/schema.org","@graph":[{"@type":"Article","@id":"https:\/\/pensiunea-ruxi.ro\/pelerin-in-curtea-de-arges-de-la-manastirea-regala-la-biserici-si-schituri-mai-putin-stiute\/#article","isPartOf":{"@id":"https:\/\/pensiunea-ruxi.ro\/pelerin-in-curtea-de-arges-de-la-manastirea-regala-la-biserici-si-schituri-mai-putin-stiute\/"},"author":{"name":"administrator","@id":"https:\/\/pensiunea-ruxi.ro\/#\/schema\/person\/f5ec48f3f231639ae67843c22b6ac73c"},"headline":"Pelerin \u00een Curtea de Arge\u0219: De la M\u0103n\u0103stirea Regal\u0103 la biserici \u0219i schituri mai pu\u021bin \u0219tiute","datePublished":"2025-05-14T11:04:43+00:00","dateModified":"2025-05-14T11:12:56+00:00","mainEntityOfPage":{"@id":"https:\/\/pensiunea-ruxi.ro\/pelerin-in-curtea-de-arges-de-la-manastirea-regala-la-biserici-si-schituri-mai-putin-stiute\/"},"wordCount":5057,"commentCount":0,"publisher":{"@id":"https:\/\/pensiunea-ruxi.ro\/#organization"},"image":{"@id":"https:\/\/pensiunea-ruxi.ro\/pelerin-in-curtea-de-arges-de-la-manastirea-regala-la-biserici-si-schituri-mai-putin-stiute\/#primaryimage"},"thumbnailUrl":"https:\/\/pensiunea-ruxi.ro\/wp-content\/uploads\/2025\/05\/pelerin-curtea-de-arges.jpg","articleSection":["Blog"],"inLanguage":"en-GB","potentialAction":[{"@type":"CommentAction","name":"Comment","target":["https:\/\/pensiunea-ruxi.ro\/pelerin-in-curtea-de-arges-de-la-manastirea-regala-la-biserici-si-schituri-mai-putin-stiute\/#respond"]}]},{"@type":"WebPage","@id":"https:\/\/pensiunea-ruxi.ro\/pelerin-in-curtea-de-arges-de-la-manastirea-regala-la-biserici-si-schituri-mai-putin-stiute\/","url":"https:\/\/pensiunea-ruxi.ro\/pelerin-in-curtea-de-arges-de-la-manastirea-regala-la-biserici-si-schituri-mai-putin-stiute\/","name":"Pelerin \u00een Curtea de Arge\u0219: De la M\u0103n\u0103stirea Regal\u0103 la biserici \u0219i schituri mai pu\u021bin \u0219tiute","isPartOf":{"@id":"https:\/\/pensiunea-ruxi.ro\/#website"},"primaryImageOfPage":{"@id":"https:\/\/pensiunea-ruxi.ro\/pelerin-in-curtea-de-arges-de-la-manastirea-regala-la-biserici-si-schituri-mai-putin-stiute\/#primaryimage"},"image":{"@id":"https:\/\/pensiunea-ruxi.ro\/pelerin-in-curtea-de-arges-de-la-manastirea-regala-la-biserici-si-schituri-mai-putin-stiute\/#primaryimage"},"thumbnailUrl":"https:\/\/pensiunea-ruxi.ro\/wp-content\/uploads\/2025\/05\/pelerin-curtea-de-arges.jpg","datePublished":"2025-05-14T11:04:43+00:00","dateModified":"2025-05-14T11:12:56+00:00","description":"Pelerin \u00een Curtea de Arge\u0219: m\u0103n\u0103stiri&biserici \u00een \u00eemprejurimiMeta descriere: Ghid pelerinaj religios \u00een Curtea de Arge\u0219 si \u00eemprejurimi\u2b55\ufe0fBiserici, schituri, m\u0103n\u0103stiri\u2b55\ufe0fAdrese, program \u0219i hram\u2b55\ufe0fCazare Curtea de Arge\u0219\u2b55\ufe0fPre\u021b cazare","breadcrumb":{"@id":"https:\/\/pensiunea-ruxi.ro\/pelerin-in-curtea-de-arges-de-la-manastirea-regala-la-biserici-si-schituri-mai-putin-stiute\/#breadcrumb"},"inLanguage":"en-GB","potentialAction":[{"@type":"ReadAction","target":["https:\/\/pensiunea-ruxi.ro\/pelerin-in-curtea-de-arges-de-la-manastirea-regala-la-biserici-si-schituri-mai-putin-stiute\/"]}]},{"@type":"ImageObject","inLanguage":"en-GB","@id":"https:\/\/pensiunea-ruxi.ro\/pelerin-in-curtea-de-arges-de-la-manastirea-regala-la-biserici-si-schituri-mai-putin-stiute\/#primaryimage","url":"https:\/\/pensiunea-ruxi.ro\/wp-content\/uploads\/2025\/05\/pelerin-curtea-de-arges.jpg","contentUrl":"https:\/\/pensiunea-ruxi.ro\/wp-content\/uploads\/2025\/05\/pelerin-curtea-de-arges.jpg","width":1920,"height":1440,"caption":"m\u0103n\u0103stiri si biserici in Curtea de Arge\u0219 \u0219i \u00eemprejurimi"},{"@type":"BreadcrumbList","@id":"https:\/\/pensiunea-ruxi.ro\/pelerin-in-curtea-de-arges-de-la-manastirea-regala-la-biserici-si-schituri-mai-putin-stiute\/#breadcrumb","itemListElement":[{"@type":"ListItem","position":1,"name":"Prima pagin\u0103","item":"https:\/\/pensiunea-ruxi.ro\/"},{"@type":"ListItem","position":2,"name":"Pelerin \u00een Curtea de Arge\u0219: De la M\u0103n\u0103stirea Regal\u0103 la biserici \u0219i schituri mai pu\u021bin \u0219tiute"}]},{"@type":"WebSite","@id":"https:\/\/pensiunea-ruxi.ro\/#website","url":"https:\/\/pensiunea-ruxi.ro\/","name":"Pensiunea Ruxi","description":"Cazare Curtea de Arge\u0219","publisher":{"@id":"https:\/\/pensiunea-ruxi.ro\/#organization"},"potentialAction":[{"@type":"SearchAction","target":{"@type":"EntryPoint","urlTemplate":"https:\/\/pensiunea-ruxi.ro\/?s={search_term_string}"},"query-input":{"@type":"PropertyValueSpecification","valueRequired":true,"valueName":"search_term_string"}}],"inLanguage":"en-GB"},{"@type":"Organization","@id":"https:\/\/pensiunea-ruxi.ro\/#organization","name":"Pensiunea Ruxi","alternateName":"Pensiunea Ruxi - Curtea de Arges","url":"https:\/\/pensiunea-ruxi.ro\/","logo":{"@type":"ImageObject","inLanguage":"en-GB","@id":"https:\/\/pensiunea-ruxi.ro\/#\/schema\/logo\/image\/","url":"https:\/\/pensiunea-ruxi.ro\/wp-content\/uploads\/2021\/01\/SIGLA-PENSIUNEA-RUXI.jpg","contentUrl":"https:\/\/pensiunea-ruxi.ro\/wp-content\/uploads\/2021\/01\/SIGLA-PENSIUNEA-RUXI.jpg","width":528,"height":128,"caption":"Pensiunea Ruxi"},"image":{"@id":"https:\/\/pensiunea-ruxi.ro\/#\/schema\/logo\/image\/"}},{"@type":"Person","@id":"https:\/\/pensiunea-ruxi.ro\/#\/schema\/person\/f5ec48f3f231639ae67843c22b6ac73c","name":"administrator","image":{"@type":"ImageObject","inLanguage":"en-GB","@id":"https:\/\/pensiunea-ruxi.ro\/#\/schema\/person\/image\/","url":"https:\/\/secure.gravatar.com\/avatar\/00982cc76c2c05972b1581b1b1f7a3ceb81e226205f216e6fce34f2b2ca3d769?s=96&d=mm&r=g","contentUrl":"https:\/\/secure.gravatar.com\/avatar\/00982cc76c2c05972b1581b1b1f7a3ceb81e226205f216e6fce34f2b2ca3d769?s=96&d=mm&r=g","caption":"administrator"},"url":"https:\/\/pensiunea-ruxi.ro\/en\/author\/administrator\/"}]}},"_links":{"self":[{"href":"https:\/\/pensiunea-ruxi.ro\/en\/wp-json\/wp\/v2\/posts\/1916","targetHints":{"allow":["GET"]}}],"collection":[{"href":"https:\/\/pensiunea-ruxi.ro\/en\/wp-json\/wp\/v2\/posts"}],"about":[{"href":"https:\/\/pensiunea-ruxi.ro\/en\/wp-json\/wp\/v2\/types\/post"}],"author":[{"embeddable":true,"href":"https:\/\/pensiunea-ruxi.ro\/en\/wp-json\/wp\/v2\/users\/4"}],"replies":[{"embeddable":true,"href":"https:\/\/pensiunea-ruxi.ro\/en\/wp-json\/wp\/v2\/comments?post=1916"}],"version-history":[{"count":4,"href":"https:\/\/pensiunea-ruxi.ro\/en\/wp-json\/wp\/v2\/posts\/1916\/revisions"}],"predecessor-version":[{"id":1927,"href":"https:\/\/pensiunea-ruxi.ro\/en\/wp-json\/wp\/v2\/posts\/1916\/revisions\/1927"}],"wp:featuredmedia":[{"embeddable":true,"href":"https:\/\/pensiunea-ruxi.ro\/en\/wp-json\/wp\/v2\/media\/1922"}],"wp:attachment":[{"href":"https:\/\/pensiunea-ruxi.ro\/en\/wp-json\/wp\/v2\/media?parent=1916"}],"wp:term":[{"taxonomy":"category","embeddable":true,"href":"https:\/\/pensiunea-ruxi.ro\/en\/wp-json\/wp\/v2\/categories?post=1916"},{"taxonomy":"post_tag","embeddable":true,"href":"https:\/\/pensiunea-ruxi.ro\/en\/wp-json\/wp\/v2\/tags?post=1916"}],"curies":[{"name":"wp","href":"https:\/\/api.w.org\/{rel}","templated":true}]}}